{"id":15115,"date":"2022-03-18T09:49:55","date_gmt":"2022-03-18T09:49:55","guid":{"rendered":"https:\/\/kolser.com\/?p=15115"},"modified":"2025-05-14T16:36:08","modified_gmt":"2025-05-14T14:36:08","slug":"que-sabemos-de-heraldica-los-escudos-de-armas","status":"publish","type":"post","link":"https:\/\/kolser.com\/it\/blog\/que-sabemos-de-heraldica-los-escudos-de-armas\/","title":{"rendered":"\u00bfQu\u00e9 sabemos de her\u00e1ldica? Los escudos de armas"},"content":{"rendered":"<p>La<strong> her\u00e1ldica<\/strong> es el estudio de los escudos y los blasones antiguos que hacen referencia a casas, noblezas, apellidos o instituciones. Se trata de una simbolog\u00eda que proviene de la Edad Media y que pervive en la actualidad. Se ha convertido en una representaci\u00f3n y un elemento decorativo com\u00fan en muchas casas. El <a href=\"https:\/\/kolser.com\/it\/catalogo\/\" target=\"_blank\" rel=\"noreferrer noopener\"><strong>escudo de armas<\/strong><\/a> es, sin duda, un elemento de fuerte car\u00e1cter simb\u00f3lico.<\/p>\n\n\n\n<h2 class=\"wp-block-heading\">El nacimiento del escudo de armas<\/h2>\n\n\n\n<p>Los escudos de armas deben su <strong>aparici\u00f3n a las familias nobles europeas de la Edad Media<\/strong> que buscaban identificarse con ellos. Ciertos elementos como armas, animales y la propia naturaleza se usaban para representarse y diferenciarse del resto. Los primeros registros datan de principios del siglo XII y est\u00e1n asociados al campo de batalla y a los caballeros. Posteriormente, traspasaron la frontera a lo civil en el siglo XIII.<\/p>\n\n\n\n<p>Nobles, empresarios e instituciones adoptaron este m\u00e9todo para poner en<strong> valor su importancia y su riqueza<\/strong> asociando esta simbolog\u00eda a sus apellidos. La elecci\u00f3n de este s\u00edmbolo se llevaba a cabo con detalle y mimo, puesto que perdurar\u00eda a lo largo del tiempo. Cada elemento que lo compone implica una interpretaci\u00f3n que aporta un sentido al conjunto.<\/p>\n\n\n\n<h3 class=\"wp-block-heading\">La importancia de su forma<\/h3>\n\n\n\n<p>Uno de los puntos clave es su forma exterior, conocida como boca. El contorno del escudo es fundamental, ya que<strong> define su procedencia por pa\u00eds o regi\u00f3n <\/strong>. Un ejemplo de ello son los blasones que cuentan con la punta inferior redondeada t\u00edpica de Castilla. Espa\u00f1a cuenta con un <a href=\"https:\/\/www.culturaydeporte.gob.es\/cultura\/areas\/archivos\/mc\/archivos\/nhn\/actividades\/rinconde-la-heraldica.html\" target=\"_blank\" rel=\"noreferrer noopener\">archivo especializado<\/a> en estos elementos.<\/p>\n\n\n\n<h3 class=\"wp-block-heading\">Una exhibici\u00f3n junto a armas de colecci\u00f3n<\/h3>\n\n\n\n<p>Contar con un blas\u00f3n puede ser el complemento perfecto a las <strong>armas de colecci\u00f3n<\/strong>. Espadas y otro tipo de armamento de la \u00e9poca pueden lucir de una manera \u00fanica en una colecci\u00f3n bajo la her\u00e1ldica familiar o gen\u00e9rica que nos apasione. <a href=\"https:\/\/kolser.com\/it\/\" target=\"_blank\" rel=\"noreferrer noopener\"><strong>\u00a1Es el momento de completar la colecci\u00f3n con un escudo de armas!<\/strong><\/a><\/p>","protected":false},"excerpt":{"rendered":"<p>La her\u00e1ldica es el estudio de los escudos y los blasones antiguos que hacen referencia a casas, noblezas, apellidos o instituciones. Se trata de una simbolog\u00eda que proviene de la Edad Media y que pervive en la actualidad. Se ha convertido en una representaci\u00f3n y un elemento decorativo com\u00fan en muchas casas. El escudo de [&hellip;]<\/p>\n","protected":false},"author":1,"featured_media":15116,"comment_status":"open","ping_status":"open","sticky":false,"template":"","format":"standard","meta":{"footnotes":""},"categories":[137],"tags":[],"class_list":["post-15115","post","type-post","status-publish","format-standard","has-post-thumbnail","hentry","category-historia-armas"],"yoast_head":"<!-- This site is optimized with the Yoast SEO plugin v27.4 - https:\/\/yoast.com\/product\/yoast-seo-wordpress\/ -->\n<title>Un escudo de armas est\u00e1 ligado a un apellido, regi\u00f3n o simbolog\u00eda<\/title>\n<meta name=\"description\" content=\"Descubrimos la importancia del escudo de armas y su interpretaci\u00f3n simb\u00f3lica, as\u00ed como damos unas pinceladas de su historia, tanto militar como la civil\" \/>\n<meta name=\"robots\" content=\"index, follow, max-snippet:-1, max-image-preview:large, max-video-preview:-1\" \/>\n<link rel=\"canonical\" href=\"https:\/\/kolser.com\/it\/blog\/que-sabemos-de-heraldica-los-escudos-de-armas\/\" \/>\n<meta property=\"og:locale\" content=\"it_IT\" \/>\n<meta property=\"og:type\" content=\"article\" \/>\n<meta property=\"og:title\" content=\"Un escudo de armas est\u00e1 ligado a un apellido, regi\u00f3n o simbolog\u00eda\" \/>\n<meta property=\"og:description\" content=\"Descubrimos la importancia del escudo de armas y su interpretaci\u00f3n simb\u00f3lica, as\u00ed como damos unas pinceladas de su historia, tanto militar como la civil\" \/>\n<meta property=\"og:url\" content=\"https:\/\/kolser.com\/it\/blog\/que-sabemos-de-heraldica-los-escudos-de-armas\/\" \/>\n<meta property=\"og:site_name\" content=\"Kolser\" \/>\n<meta property=\"article:published_time\" content=\"2022-03-18T09:49:55+00:00\" \/>\n<meta property=\"article:modified_time\" content=\"2025-05-14T14:36:08+00:00\" \/>\n<meta property=\"og:image\" content=\"https:\/\/kolser.com\/wp-content\/uploads\/2022\/03\/Escudos-de-armas.jpg\" \/>\n\t<meta property=\"og:image:width\" content=\"1000\" \/>\n\t<meta property=\"og:image:height\" content=\"600\" \/>\n\t<meta property=\"og:image:type\" content=\"image\/jpeg\" \/>\n<meta name=\"author\" content=\"admin\" \/>\n<meta name=\"twitter:card\" content=\"summary_large_image\" \/>\n<meta name=\"twitter:label1\" content=\"Scritto da\" \/>\n\t<meta name=\"twitter:data1\" content=\"admin\" \/>\n\t<meta name=\"twitter:label2\" content=\"Tempo di lettura stimato\" \/>\n\t<meta name=\"twitter:data2\" content=\"2 minuti\" \/>\n<script type=\"application\/ld+json\" class=\"yoast-schema-graph\">{\"@context\":\"https:\\\/\\\/schema.org\",\"@graph\":[{\"@type\":\"Article\",\"@id\":\"https:\\\/\\\/kolser.com\\\/blog\\\/que-sabemos-de-heraldica-los-escudos-de-armas\\\/#article\",\"isPartOf\":{\"@id\":\"https:\\\/\\\/kolser.com\\\/blog\\\/que-sabemos-de-heraldica-los-escudos-de-armas\\\/\"},\"author\":{\"name\":\"admin\",\"@id\":\"https:\\\/\\\/kolser.com\\\/#\\\/schema\\\/person\\\/dab44554ae7a5b500170a7cbfbc5c1e4\"},\"headline\":\"\u00bfQu\u00e9 sabemos de her\u00e1ldica? Los escudos de armas\",\"datePublished\":\"2022-03-18T09:49:55+00:00\",\"dateModified\":\"2025-05-14T14:36:08+00:00\",\"mainEntityOfPage\":{\"@id\":\"https:\\\/\\\/kolser.com\\\/blog\\\/que-sabemos-de-heraldica-los-escudos-de-armas\\\/\"},\"wordCount\":350,\"commentCount\":0,\"publisher\":{\"@id\":\"https:\\\/\\\/kolser.com\\\/#organization\"},\"image\":{\"@id\":\"https:\\\/\\\/kolser.com\\\/blog\\\/que-sabemos-de-heraldica-los-escudos-de-armas\\\/#primaryimage\"},\"thumbnailUrl\":\"https:\\\/\\\/kolser.com\\\/wp-content\\\/uploads\\\/2022\\\/03\\\/Escudos-de-armas.jpg\",\"articleSection\":[\"Historia armas\"],\"inLanguage\":\"it-IT\",\"potentialAction\":[{\"@type\":\"CommentAction\",\"name\":\"Comment\",\"target\":[\"https:\\\/\\\/kolser.com\\\/blog\\\/que-sabemos-de-heraldica-los-escudos-de-armas\\\/#respond\"]}]},{\"@type\":[\"WebPage\",\"ItemPage\"],\"@id\":\"https:\\\/\\\/kolser.com\\\/blog\\\/que-sabemos-de-heraldica-los-escudos-de-armas\\\/\",\"url\":\"https:\\\/\\\/kolser.com\\\/blog\\\/que-sabemos-de-heraldica-los-escudos-de-armas\\\/\",\"name\":\"Un escudo de armas est\u00e1 ligado a un apellido, regi\u00f3n o simbolog\u00eda\",\"isPartOf\":{\"@id\":\"https:\\\/\\\/kolser.com\\\/#website\"},\"primaryImageOfPage\":{\"@id\":\"https:\\\/\\\/kolser.com\\\/blog\\\/que-sabemos-de-heraldica-los-escudos-de-armas\\\/#primaryimage\"},\"image\":{\"@id\":\"https:\\\/\\\/kolser.com\\\/blog\\\/que-sabemos-de-heraldica-los-escudos-de-armas\\\/#primaryimage\"},\"thumbnailUrl\":\"https:\\\/\\\/kolser.com\\\/wp-content\\\/uploads\\\/2022\\\/03\\\/Escudos-de-armas.jpg\",\"datePublished\":\"2022-03-18T09:49:55+00:00\",\"dateModified\":\"2025-05-14T14:36:08+00:00\",\"description\":\"Descubrimos la importancia del escudo de armas y su interpretaci\u00f3n simb\u00f3lica, as\u00ed como damos unas pinceladas de su historia, tanto militar como la civil\",\"breadcrumb\":{\"@id\":\"https:\\\/\\\/kolser.com\\\/blog\\\/que-sabemos-de-heraldica-los-escudos-de-armas\\\/#breadcrumb\"},\"inLanguage\":\"it-IT\",\"potentialAction\":[{\"@type\":\"ReadAction\",\"target\":[\"https:\\\/\\\/kolser.com\\\/blog\\\/que-sabemos-de-heraldica-los-escudos-de-armas\\\/\"]}]},{\"@type\":\"ImageObject\",\"inLanguage\":\"it-IT\",\"@id\":\"https:\\\/\\\/kolser.com\\\/blog\\\/que-sabemos-de-heraldica-los-escudos-de-armas\\\/#primaryimage\",\"url\":\"https:\\\/\\\/kolser.com\\\/wp-content\\\/uploads\\\/2022\\\/03\\\/Escudos-de-armas.jpg\",\"contentUrl\":\"https:\\\/\\\/kolser.com\\\/wp-content\\\/uploads\\\/2022\\\/03\\\/Escudos-de-armas.jpg\",\"width\":1000,\"height\":600,\"caption\":\"Escudo de armas sobre parece con dos espadas y hacha de doble filo.\"},{\"@type\":\"BreadcrumbList\",\"@id\":\"https:\\\/\\\/kolser.com\\\/blog\\\/que-sabemos-de-heraldica-los-escudos-de-armas\\\/#breadcrumb\",\"itemListElement\":[{\"@type\":\"ListItem\",\"position\":1,\"name\":\"Home\",\"item\":\"https:\\\/\\\/kolser.com\\\/\"},{\"@type\":\"ListItem\",\"position\":2,\"name\":\"\u00bfQu\u00e9 sabemos de her\u00e1ldica? Los escudos de armas\"}]},{\"@type\":\"WebSite\",\"@id\":\"https:\\\/\\\/kolser.com\\\/#website\",\"url\":\"https:\\\/\\\/kolser.com\\\/\",\"name\":\"Kolser\",\"description\":\"\",\"publisher\":{\"@id\":\"https:\\\/\\\/kolser.com\\\/#organization\"},\"potentialAction\":[{\"@type\":\"SearchAction\",\"target\":{\"@type\":\"EntryPoint\",\"urlTemplate\":\"https:\\\/\\\/kolser.com\\\/?s={search_term_string}\"},\"query-input\":{\"@type\":\"PropertyValueSpecification\",\"valueRequired\":true,\"valueName\":\"search_term_string\"}}],\"inLanguage\":\"it-IT\"},{\"@type\":\"Organization\",\"@id\":\"https:\\\/\\\/kolser.com\\\/#organization\",\"name\":\"Kolser\",\"url\":\"https:\\\/\\\/kolser.com\\\/\",\"logo\":{\"@type\":\"ImageObject\",\"inLanguage\":\"it-IT\",\"@id\":\"https:\\\/\\\/kolser.com\\\/#\\\/schema\\\/logo\\\/image\\\/\",\"url\":\"https:\\\/\\\/kolser.com\\\/wp-content\\\/uploads\\\/2021\\\/11\\\/Logo-Cabecera.png\",\"contentUrl\":\"https:\\\/\\\/kolser.com\\\/wp-content\\\/uploads\\\/2021\\\/11\\\/Logo-Cabecera.png\",\"width\":979,\"height\":1358,\"caption\":\"Kolser\"},\"image\":{\"@id\":\"https:\\\/\\\/kolser.com\\\/#\\\/schema\\\/logo\\\/image\\\/\"}},{\"@type\":\"Person\",\"@id\":\"https:\\\/\\\/kolser.com\\\/#\\\/schema\\\/person\\\/dab44554ae7a5b500170a7cbfbc5c1e4\",\"name\":\"admin\",\"image\":{\"@type\":\"ImageObject\",\"inLanguage\":\"it-IT\",\"@id\":\"https:\\\/\\\/kolser.com\\\/wp-content\\\/litespeed\\\/avatar\\\/4c800be94ae2fa9884defe4cd3326b44.jpg?ver=1776951002\",\"url\":\"https:\\\/\\\/kolser.com\\\/wp-content\\\/litespeed\\\/avatar\\\/4c800be94ae2fa9884defe4cd3326b44.jpg?ver=1776951002\",\"contentUrl\":\"https:\\\/\\\/kolser.com\\\/wp-content\\\/litespeed\\\/avatar\\\/4c800be94ae2fa9884defe4cd3326b44.jpg?ver=1776951002\",\"caption\":\"admin\"},\"sameAs\":[\"https:\\\/\\\/kolser.com\"]}]}<\/script>\n<!-- \/ Yoast SEO plugin. -->","yoast_head_json":{"title":"Un escudo de armas est\u00e1 ligado a un apellido, regi\u00f3n o simbolog\u00eda","description":"Descubrimos la importancia del escudo de armas y su interpretaci\u00f3n simb\u00f3lica, as\u00ed como damos unas pinceladas de su historia, tanto militar como la civil","robots":{"index":"index","follow":"follow","max-snippet":"max-snippet:-1","max-image-preview":"max-image-preview:large","max-video-preview":"max-video-preview:-1"},"canonical":"https:\/\/kolser.com\/it\/blog\/que-sabemos-de-heraldica-los-escudos-de-armas\/","og_locale":"it_IT","og_type":"article","og_title":"Un escudo de armas est\u00e1 ligado a un apellido, regi\u00f3n o simbolog\u00eda","og_description":"Descubrimos la importancia del escudo de armas y su interpretaci\u00f3n simb\u00f3lica, as\u00ed como damos unas pinceladas de su historia, tanto militar como la civil","og_url":"https:\/\/kolser.com\/it\/blog\/que-sabemos-de-heraldica-los-escudos-de-armas\/","og_site_name":"Kolser","article_published_time":"2022-03-18T09:49:55+00:00","article_modified_time":"2025-05-14T14:36:08+00:00","og_image":[{"width":1000,"height":600,"url":"https:\/\/kolser.com\/wp-content\/uploads\/2022\/03\/Escudos-de-armas.jpg","type":"image\/jpeg"}],"author":"admin","twitter_card":"summary_large_image","twitter_misc":{"Scritto da":"admin","Tempo di lettura stimato":"2 minuti"},"schema":{"@context":"https:\/\/schema.org","@graph":[{"@type":"Article","@id":"https:\/\/kolser.com\/blog\/que-sabemos-de-heraldica-los-escudos-de-armas\/#article","isPartOf":{"@id":"https:\/\/kolser.com\/blog\/que-sabemos-de-heraldica-los-escudos-de-armas\/"},"author":{"name":"admin","@id":"https:\/\/kolser.com\/#\/schema\/person\/dab44554ae7a5b500170a7cbfbc5c1e4"},"headline":"\u00bfQu\u00e9 sabemos de her\u00e1ldica? Los escudos de armas","datePublished":"2022-03-18T09:49:55+00:00","dateModified":"2025-05-14T14:36:08+00:00","mainEntityOfPage":{"@id":"https:\/\/kolser.com\/blog\/que-sabemos-de-heraldica-los-escudos-de-armas\/"},"wordCount":350,"commentCount":0,"publisher":{"@id":"https:\/\/kolser.com\/#organization"},"image":{"@id":"https:\/\/kolser.com\/blog\/que-sabemos-de-heraldica-los-escudos-de-armas\/#primaryimage"},"thumbnailUrl":"https:\/\/kolser.com\/wp-content\/uploads\/2022\/03\/Escudos-de-armas.jpg","articleSection":["Historia armas"],"inLanguage":"it-IT","potentialAction":[{"@type":"CommentAction","name":"Comment","target":["https:\/\/kolser.com\/blog\/que-sabemos-de-heraldica-los-escudos-de-armas\/#respond"]}]},{"@type":["WebPage","ItemPage"],"@id":"https:\/\/kolser.com\/blog\/que-sabemos-de-heraldica-los-escudos-de-armas\/","url":"https:\/\/kolser.com\/blog\/que-sabemos-de-heraldica-los-escudos-de-armas\/","name":"Un escudo de armas est\u00e1 ligado a un apellido, regi\u00f3n o simbolog\u00eda","isPartOf":{"@id":"https:\/\/kolser.com\/#website"},"primaryImageOfPage":{"@id":"https:\/\/kolser.com\/blog\/que-sabemos-de-heraldica-los-escudos-de-armas\/#primaryimage"},"image":{"@id":"https:\/\/kolser.com\/blog\/que-sabemos-de-heraldica-los-escudos-de-armas\/#primaryimage"},"thumbnailUrl":"https:\/\/kolser.com\/wp-content\/uploads\/2022\/03\/Escudos-de-armas.jpg","datePublished":"2022-03-18T09:49:55+00:00","dateModified":"2025-05-14T14:36:08+00:00","description":"Descubrimos la importancia del escudo de armas y su interpretaci\u00f3n simb\u00f3lica, as\u00ed como damos unas pinceladas de su historia, tanto militar como la civil","breadcrumb":{"@id":"https:\/\/kolser.com\/blog\/que-sabemos-de-heraldica-los-escudos-de-armas\/#breadcrumb"},"inLanguage":"it-IT","potentialAction":[{"@type":"ReadAction","target":["https:\/\/kolser.com\/blog\/que-sabemos-de-heraldica-los-escudos-de-armas\/"]}]},{"@type":"ImageObject","inLanguage":"it-IT","@id":"https:\/\/kolser.com\/blog\/que-sabemos-de-heraldica-los-escudos-de-armas\/#primaryimage","url":"https:\/\/kolser.com\/wp-content\/uploads\/2022\/03\/Escudos-de-armas.jpg","contentUrl":"https:\/\/kolser.com\/wp-content\/uploads\/2022\/03\/Escudos-de-armas.jpg","width":1000,"height":600,"caption":"Escudo de armas sobre parece con dos espadas y hacha de doble filo."},{"@type":"BreadcrumbList","@id":"https:\/\/kolser.com\/blog\/que-sabemos-de-heraldica-los-escudos-de-armas\/#breadcrumb","itemListElement":[{"@type":"ListItem","position":1,"name":"Home","item":"https:\/\/kolser.com\/"},{"@type":"ListItem","position":2,"name":"\u00bfQu\u00e9 sabemos de her\u00e1ldica? Los escudos de armas"}]},{"@type":"WebSite","@id":"https:\/\/kolser.com\/#website","url":"https:\/\/kolser.com\/","name":"Kolser","description":"","publisher":{"@id":"https:\/\/kolser.com\/#organization"},"potentialAction":[{"@type":"SearchAction","target":{"@type":"EntryPoint","urlTemplate":"https:\/\/kolser.com\/?s={search_term_string}"},"query-input":{"@type":"PropertyValueSpecification","valueRequired":true,"valueName":"search_term_string"}}],"inLanguage":"it-IT"},{"@type":"Organization","@id":"https:\/\/kolser.com\/#organization","name":"Kolser","url":"https:\/\/kolser.com\/","logo":{"@type":"ImageObject","inLanguage":"it-IT","@id":"https:\/\/kolser.com\/#\/schema\/logo\/image\/","url":"https:\/\/kolser.com\/wp-content\/uploads\/2021\/11\/Logo-Cabecera.png","contentUrl":"https:\/\/kolser.com\/wp-content\/uploads\/2021\/11\/Logo-Cabecera.png","width":979,"height":1358,"caption":"Kolser"},"image":{"@id":"https:\/\/kolser.com\/#\/schema\/logo\/image\/"}},{"@type":"Person","@id":"https:\/\/kolser.com\/#\/schema\/person\/dab44554ae7a5b500170a7cbfbc5c1e4","name":"admin","image":{"@type":"ImageObject","inLanguage":"it-IT","@id":"https:\/\/kolser.com\/wp-content\/litespeed\/avatar\/4c800be94ae2fa9884defe4cd3326b44.jpg?ver=1776951002","url":"https:\/\/kolser.com\/wp-content\/litespeed\/avatar\/4c800be94ae2fa9884defe4cd3326b44.jpg?ver=1776951002","contentUrl":"https:\/\/kolser.com\/wp-content\/litespeed\/avatar\/4c800be94ae2fa9884defe4cd3326b44.jpg?ver=1776951002","caption":"admin"},"sameAs":["https:\/\/kolser.com"]}]}},"_links":{"self":[{"href":"https:\/\/kolser.com\/it\/wp-json\/wp\/v2\/posts\/15115","targetHints":{"allow":["GET"]}}],"collection":[{"href":"https:\/\/kolser.com\/it\/wp-json\/wp\/v2\/posts"}],"about":[{"href":"https:\/\/kolser.com\/it\/wp-json\/wp\/v2\/types\/post"}],"author":[{"embeddable":true,"href":"https:\/\/kolser.com\/it\/wp-json\/wp\/v2\/users\/1"}],"replies":[{"embeddable":true,"href":"https:\/\/kolser.com\/it\/wp-json\/wp\/v2\/comments?post=15115"}],"version-history":[{"count":1,"href":"https:\/\/kolser.com\/it\/wp-json\/wp\/v2\/posts\/15115\/revisions"}],"predecessor-version":[{"id":15117,"href":"https:\/\/kolser.com\/it\/wp-json\/wp\/v2\/posts\/15115\/revisions\/15117"}],"wp:featuredmedia":[{"embeddable":true,"href":"https:\/\/kolser.com\/it\/wp-json\/wp\/v2\/media\/15116"}],"wp:attachment":[{"href":"https:\/\/kolser.com\/it\/wp-json\/wp\/v2\/media?parent=15115"}],"wp:term":[{"taxonomy":"category","embeddable":true,"href":"https:\/\/kolser.com\/it\/wp-json\/wp\/v2\/categories?post=15115"},{"taxonomy":"post_tag","embeddable":true,"href":"https:\/\/kolser.com\/it\/wp-json\/wp\/v2\/tags?post=15115"}],"curies":[{"name":"wp","href":"https:\/\/api.w.org\/{rel}","templated":true}]}}