{"id":18860,"date":"2025-07-21T12:25:48","date_gmt":"2025-07-21T10:25:48","guid":{"rendered":"https:\/\/kolser.com\/?p=18860"},"modified":"2026-04-24T09:50:46","modified_gmt":"2026-04-24T07:50:46","slug":"epees-legendaires","status":"publish","type":"post","link":"https:\/\/kolser.com\/fr\/blog\/espadas-legendarias\/","title":{"rendered":"Les \u00e9p\u00e9es l\u00e9gendaires qui ont marqu\u00e9 l'histoire"},"content":{"rendered":"<p class=\"translation-block\">Depuis les d\u00e9buts de la civilisation, les \u00e9p\u00e9es sont bien plus que de simples armes de guerre. Elles incarnent l\u2019honneur, la justice, la noblesse \u2014 et parfois m\u00eame la r\u00e9bellion. Certaines ont vraiment exist\u00e9, d\u2019autres rel\u00e8vent du mythe, mais toutes ont laiss\u00e9 une empreinte dans notre m\u00e9moire collective. Suivez-nous \u00e0 la d\u00e9couverte des <strong>\u00e9p\u00e9es l\u00e9gendaires les plus c\u00e9l\u00e8bres<\/strong>: leurs noms, leurs histoires fascinantes et l\u2019influence qu\u2019elles exercent encore aujourd\u2019hui sur notre culture.<\/p>\n\n\n\n<h2 class=\"wp-block-heading\">Qu\u2019est-ce qui rend une \u00e9p\u00e9e l\u00e9gendaire?<\/h2>\n\n\n\n<p class=\"translation-block\">Toutes les \u00e9p\u00e9es ne sont pas destin\u00e9es \u00e0 entrer dans les livres d\u2019histoire, mais certaines parviennent \u00e0 traverser les si\u00e8cles de mani\u00e8re unique. Qu\u2019il s\u2019agisse de la personne qui l\u2019a mani\u00e9e, de sa force symbolique ou des l\u00e9gendes qui l\u2019entourent, certaines \u00e9p\u00e9es deviennent de <strong>v\u00e9ritables ic\u00f4nes<\/strong>.<\/p>\n\n\n\n<h3 class=\"wp-block-heading\">Bien plus qu\u2019une arme: symbole, pouvoir et culture<\/h3>\n\n\n\n<p class=\"translation-block\">Une \u00e9p\u00e9e l\u00e9gendaire ne se d\u00e9finit pas seulement par le tranchant de sa lame ou le nombre de batailles remport\u00e9es. Ce qui la rend vraiment l\u00e9gendaire, c\u2019est sa port\u00e9e symbolique. Elle peut repr\u00e9senter le pouvoir politique, la divinit\u00e9, la r\u00e9demption ou m\u00eame la vengeance. Beaucoup sont li\u00e9es \u00e0 des h\u00e9ros nationaux ou religieux et sont devenues les <strong>embl\u00e8mes d\u2019\u00e9poques enti\u00e8res<\/strong>.<\/p>\n\n\n\n<p>Ces \u00e9p\u00e9es ne vivent pas que dans les livres d\u2019histoire: on les retrouve dans les contes, les \u00e9pop\u00e9es, les vitrines de mus\u00e9es\u2026 et dans l\u2019imaginaire de nombreux collectionneurs qui r\u00eavent de les poss\u00e9der.<\/p>\n\n\n\n<h3 class=\"wp-block-heading\">Comment naissent les l\u00e9gendes: entre histoire et mythe<\/h3>\n\n\n\n<p>Certaines \u00e9p\u00e9es l\u00e9gendaires ont r\u00e9ellement exist\u00e9, utilis\u00e9es par des personnages historiques. D\u2019autres sont issues de la mythologie ou de la litt\u00e9rature, sans preuve concr\u00e8te de leur existence. Mais m\u00eame les armes r\u00e9elles sont souvent entour\u00e9es de mythes : des lames incassables, qui donnaient un pouvoir absolu ou choisissaient le roi l\u00e9gitime.<\/p>\n\n\n\n<p class=\"translation-block\">Avec le temps, r\u00e9alit\u00e9 et fiction finissent par se confondre. C\u2019est ainsi que naissent les <strong>vraies \u00e9p\u00e9es l\u00e9gendaires<\/strong>: des armes historiques qui, par leur renomm\u00e9e ou leur symbolique, deviennent mythiques.<\/p>\n\n\n\n<h2 class=\"wp-block-heading\">Les \u00e9p\u00e9es l\u00e9gendaires r\u00e9elles les plus c\u00e9l\u00e8bres au monde<\/h2>\n\n\n\n<p class=\"translation-block\">Au fil des si\u00e8cles, plusieurs \u00e9p\u00e9es bien r\u00e9elles ont atteint un statut l\u00e9gendaire. Port\u00e9es par des empereurs, des chevaliers ou des chefs religieux, ces armes ont non seulement servi au combat, mais ont aussi <strong>marqu\u00e9 des moments cruciaux de l\u2019histoire<\/strong>.<\/p>\n\n\n\n<h3 class=\"wp-block-heading\">Tizona et Colada: les \u00e9p\u00e9es du Cid Campeador<\/h3>\n\n\n\n<p class=\"translation-block\">Rodrigo D\u00edaz de Vivar, connu sous le nom de <strong>El Cid<\/strong>, est l\u2019un des h\u00e9ros les plus embl\u00e9matiques de l\u2019histoire espagnole. Ses \u00e9p\u00e9es, <a href=\"https:\/\/kolser.com\/fr\/produit\/espada-cadete-tizona\/\" target=\"_blank\" rel=\"noreferrer noopener\">Tizona<\/a> et <a href=\"https:\/\/kolser.com\/fr\/produit\/espada-cadete-colada\/\" target=\"_blank\" rel=\"noreferrer noopener\">Colada<\/a>, incarnent l\u2019<strong>esprit de la Reconquista<\/strong> et toute la tradition chevaleresque m\u00e9di\u00e9vale. Aujourd\u2019hui, la Tizona est conserv\u00e9e avec fiert\u00e9 au mus\u00e9e de Burgos, symbole fort de l\u2019identit\u00e9 nationale.<\/p>\n\n\n\n<h3 class=\"wp-block-heading\">Joyeuse: l\u2019\u00e9p\u00e9e de Charlemagne<\/h3>\n\n\n\n<p class=\"translation-block\">Joyeuse est le nom de l\u2019<a href=\"https:\/\/kolser.com\/fr\/produit\/espada-carlomagno\/\" target=\"_blank\" rel=\"noreferrer noopener\">\u00e9p\u00e9e de l\u2019empereur Charlemagne<\/a>, fondateur du Saint-Empire romain germanique. La l\u00e9gende raconte qu\u2019elle poss\u00e9dait des <strong>pouvoirs mystiques<\/strong> et que sa lame changeait de couleur. Pendant des si\u00e8cles, elle fut utilis\u00e9e lors des c\u00e9r\u00e9monies de couronnement des rois de France, et elle est aujourd\u2019hui conserv\u00e9e au Louvre comme un v\u00e9ritable <strong>tr\u00e9sor du patrimoine europ\u00e9en<\/strong>.<\/p>\n\n\n\n<h3 class=\"wp-block-heading\">Zulfiqar: le sabre du calife Ali<\/h3>\n\n\n\n<p class=\"translation-block\">Ce sabre courbe, reconnaissable \u00e0 sa lame fendue, fut mani\u00e9 par Ali ibn Abi Talib et constitue l\u2019un des <strong>symboles les plus puissants de l\u2019islam chiite<\/strong>. Il incarne la justice et le courage, et a \u00e9t\u00e9 repr\u00e9sent\u00e9 d\u2019innombrables fois sur des drapeaux, dans des \u0153uvres d\u2019art ou sous forme d\u2019amulettes.<\/p>\n\n\n\n<h3 class=\"wp-block-heading\">Honjo Masamune: la katana samoura\u00ef la plus c\u00e9l\u00e8bre<\/h3>\n\n\n\n<p class=\"translation-block\">Consid\u00e9r\u00e9e comme l\u2019une des plus grandes \u00e9p\u00e9es jamais forg\u00e9es au Japon, la Honjo Masamune fut l\u2019\u0153uvre du c\u00e9l\u00e8bre forgeron Masamune. Elle devint le <strong>symbole du shogunat Tokugawa<\/strong> et incarne la perfection esth\u00e9tique et technique de la katana. Son emplacement actuel reste inconnu, ce qui ne fait qu\u2019ajouter \u00e0 son myst\u00e8re et \u00e0 sa l\u00e9gende.<\/p>\n\n\n\n<h2 class=\"wp-block-heading\">\u00c9p\u00e9es l\u00e9gendaires de la litt\u00e9rature et de la mythologie<\/h2>\n\n\n\n<p>Au-del\u00e0 des r\u00e9cits historiques, les \u00e9p\u00e9es ont \u00e9galement brill\u00e9 dans les l\u00e9gendes mythologiques et la litt\u00e9rature \u00e9pique. De la magie d\u2019Excalibur \u00e0 la puissance symbolique de Durandal ou Kusanagi, ces armes imaginaires ont profond\u00e9ment marqu\u00e9 la culture universelle. Voici quelques-unes des plus embl\u00e9matiques.<\/p>\n\n\n\n<h3 class=\"wp-block-heading\">Excalibur: le mythe arthurien \u00e0 travers les si\u00e8cles<\/h3>\n\n\n\n<p class=\"translation-block\">Aucune liste d\u2019\u00e9p\u00e9es l\u00e9gendaires ne serait compl\u00e8te sans <strong><a href=\"https:\/\/kolser.com\/fr\/produit\/espada-excalibur\/\" target=\"_blank\" rel=\"noreferrer noopener\">Excalibur<\/a><\/strong>, l\u2019arme mythique du <strong>roi Arthur<\/strong>. Selon la l\u00e9gende, seul le v\u00e9ritable roi pouvait la retirer de la pierre. Son symbolisme d\u00e9passe largement la puissance militaire: elle repr\u00e9sente la justice divine et le destin.<\/p>\n\n\n\n<p class=\"has-text-align-center\"><img fetchpriority=\"high\" decoding=\"async\" width=\"300\" height=\"300\" class=\"wp-image-17330\" style=\"width: 300px;\" src=\"https:\/\/kolser.com\/wp-content\/uploads\/2021\/12\/49-121.jpg\" alt=\"espada excalibur\" srcset=\"https:\/\/kolser.com\/wp-content\/uploads\/2021\/12\/49-121.jpg 2000w, https:\/\/kolser.com\/wp-content\/uploads\/2021\/12\/49-121-800x800.jpg 800w, https:\/\/kolser.com\/wp-content\/uploads\/2021\/12\/49-121-1080x1080.jpg 1080w, https:\/\/kolser.com\/wp-content\/uploads\/2021\/12\/49-121-300x300.jpg 300w, https:\/\/kolser.com\/wp-content\/uploads\/2021\/12\/49-121-768x768.jpg 768w, https:\/\/kolser.com\/wp-content\/uploads\/2021\/12\/49-121-1536x1536.jpg 1536w, https:\/\/kolser.com\/wp-content\/uploads\/2021\/12\/49-121-12x12.jpg 12w, https:\/\/kolser.com\/wp-content\/uploads\/2021\/12\/49-121-600x600.jpg 600w, https:\/\/kolser.com\/wp-content\/uploads\/2021\/12\/49-121-100x100.jpg 100w\" sizes=\"(max-width: 300px) 100vw, 300px\" \/><\/p>\n\n\n\n<h3 class=\"wp-block-heading\">Durandal: l\u2019arme du paladin Roland<\/h3>\n\n\n\n<p class=\"translation-block\">Durandal \u00e9tait l\u2019<a href=\"https:\/\/kolser.com\/fr\/produit\/espada-roland\/\" target=\"_blank\" rel=\"noreferrer noopener\">\u00e9p\u00e9e du chevalier Roland<\/a>, l\u2019un des c\u00e9l\u00e8bres Douze Pairs de Charlemagne. Selon le po\u00e8me \u00e9pique La Chanson de Roland, cette \u00e9p\u00e9e contenait des <strong>reliques sacr\u00e9es<\/strong> dans sa poign\u00e9e et \u00e9tait <strong>indestructible<\/strong>. Parmi ces reliques: une dent de Saint Pierre, du sang de Saint Basile et un cheveu de la Vierge Marie. On raconte que Roland tenta de la briser pour qu\u2019elle ne tombe pas entre les mains de l\u2019ennemi\u2026 sans succ\u00e8s.<\/p>\n\n\n\n<p class=\"has-text-align-center\"><img decoding=\"async\" width=\"300\" height=\"300\" class=\"wp-image-17328\" style=\"width: 300px;\" src=\"https:\/\/kolser.com\/wp-content\/uploads\/2021\/12\/49-120.jpg\" alt=\"\" srcset=\"https:\/\/kolser.com\/wp-content\/uploads\/2021\/12\/49-120.jpg 2000w, https:\/\/kolser.com\/wp-content\/uploads\/2021\/12\/49-120-800x800.jpg 800w, https:\/\/kolser.com\/wp-content\/uploads\/2021\/12\/49-120-1080x1080.jpg 1080w, https:\/\/kolser.com\/wp-content\/uploads\/2021\/12\/49-120-300x300.jpg 300w, https:\/\/kolser.com\/wp-content\/uploads\/2021\/12\/49-120-768x768.jpg 768w, https:\/\/kolser.com\/wp-content\/uploads\/2021\/12\/49-120-1536x1536.jpg 1536w, https:\/\/kolser.com\/wp-content\/uploads\/2021\/12\/49-120-12x12.jpg 12w, https:\/\/kolser.com\/wp-content\/uploads\/2021\/12\/49-120-600x600.jpg 600w, https:\/\/kolser.com\/wp-content\/uploads\/2021\/12\/49-120-100x100.jpg 100w\" sizes=\"(max-width: 300px) 100vw, 300px\" \/><\/p>\n\n\n\n<h3 class=\"wp-block-heading\">Kusanagi-no-Tsurugi: le \u201csabre coupe-herbe\u201d du Japon<\/h3>\n\n\n\n<p class=\"translation-block\">Faisant partie des Trois Tr\u00e9sors sacr\u00e9s de l\u2019empire du Japon, cette \u00e9p\u00e9e l\u00e9gendaire appara\u00eet dans de nombreuses l\u00e9gendes. Elle aurait \u00e9t\u00e9 trouv\u00e9e dans le corps d\u2019un serpent et poss\u00e9derait le pouvoir de contr\u00f4ler le vent. Jamais expos\u00e9e au public, elle joue n\u00e9anmoins un r\u00f4le essentiel dans les <strong>rites d\u2019intronisation de l\u2019empereur<\/strong>.<\/p>\n\n\n\n<h3 class=\"wp-block-heading\">And\u00faril: l\u2019\u00e9p\u00e9e des rois dans Le Seigneur des Anneaux<\/h3>\n\n\n\n<p class=\"translation-block\">Bien qu\u2019imaginaire, And\u00faril (\u201cFlamme de l\u2019Ouest\u201d) est l\u2019une des \u00e9p\u00e9es l\u00e9gendaires les plus embl\u00e9matiques du XXe si\u00e8cle. Forg\u00e9e \u00e0 partir des fragments de Narsil, elle devient l\u2019<strong>\u00e9p\u00e9e d\u2019Aragorn<\/strong>, h\u00e9ritier des anciens rois. Son esth\u00e9tique et sa symbolique ont inspir\u00e9 des r\u00e9pliques, des jeux vid\u00e9o et des collections dans le monde entier.<\/p>\n\n\n\n<h2 class=\"wp-block-heading\">R\u00e9alit\u00e9 ou l\u00e9gende? \u00c9p\u00e9es l\u00e9gendaires r\u00e9elles \u00e0 l\u2019historicit\u00e9 discut\u00e9e<\/h2>\n\n\n\n<p>Certaines \u00e9p\u00e9es existent bel et bien, mais leur histoire navigue entre r\u00e9alit\u00e9 et mythe. Sont-elles de v\u00e9ritables reliques ou des reconstitutions symboliques ? Ont-elles r\u00e9ellement appartenu aux h\u00e9ros auxquels elles sont associ\u00e9es?<\/p>\n\n\n\n<h3 class=\"wp-block-heading\">L\u2019\u00e9p\u00e9e de Saint Galgano: l\u2019Excalibur italienne?<\/h3>\n\n\n\n<p class=\"translation-block\">Sur une colline de Toscane se dresse une \u00e9p\u00e9e plant\u00e9e dans la roche depuis le XII\u1d49 si\u00e8cle. Selon la l\u00e9gende, Saint Galgano, un chevalier devenu ermite, l\u2019y aurait enfonc\u00e9e pour <strong>symboliser son renoncement \u00e0 la violence<\/strong>. Beaucoup la consid\u00e8rent comme \u201cl\u2019Excalibur italienne\u201d, et son authenticit\u00e9 a m\u00eame \u00e9t\u00e9 \u00e9tudi\u00e9e scientifiquement.<\/p>\n\n\n\n<h3 class=\"wp-block-heading\">L\u2019\u00e9p\u00e9e de William Wallace: le h\u00e9ros de l\u2019\u00c9cosse<\/h3>\n\n\n\n<p class=\"translation-block\">L\u2019arme attribu\u00e9e \u00e0 William Wallace, le chef de la lutte pour l\u2019ind\u00e9pendance \u00e9cossaise, est expos\u00e9e au Monument national de Wallace \u00e0 Stirling. Mesurant plus de 1,60 m\u00e8tre, elle a \u00e9t\u00e9 restaur\u00e9e \u00e0 plusieurs reprises. Bien que son authenticit\u00e9 fasse d\u00e9bat, elle reste pour beaucoup un <strong>symbole de libert\u00e9 et de r\u00e9sistance \u00e0 l\u2019oppression<\/strong>.<\/p>\n\n\n\n<h2 class=\"wp-block-heading\">L\u2019h\u00e9ritage culturel des \u00e9p\u00e9es l\u00e9gendaires<\/h2>\n\n\n\n<p>Les \u00e9p\u00e9es l\u00e9gendaires ne se sont pas \u00e9teintes avec le temps. Bien au contraire : leur \u00e9cho r\u00e9sonne encore dans les films, les romans, les jeux vid\u00e9o et les collections de ceux qui v\u00e9n\u00e8rent l\u2019histoire.<\/p>\n\n\n\n<h3 class=\"wp-block-heading\">De l\u2019histoire au cin\u00e9ma: leur impact sur la culture populaire<\/h3>\n\n\n\n<p class=\"translation-block\">Les \u00e9p\u00e9es l\u00e9gendaires ne vivent pas seulement dans les vitrines des mus\u00e9es ou les textes anciens. Elles sont encore bien pr\u00e9sentes au cin\u00e9ma, dans la litt\u00e9rature, les jeux vid\u00e9o, voire dans les tatouages. D\u2019Hollywood aux foires m\u00e9di\u00e9vales, ces armes font vibrer l\u2019imaginaire collectif et <strong>nous relient au pass\u00e9<\/strong> d\u2019une mani\u00e8re unique.<\/p>\n\n\n\n<p class=\"translation-block\">En r\u00e9sum\u00e9, les \u00e9p\u00e9es l\u00e9gendaires ont travers\u00e9 les si\u00e8cles, les cultures et les continents, laissant derri\u00e8re elles des r\u00e9cits de courage, de foi et de myst\u00e8re. Qu\u2019elles soient aussi r\u00e9elles que la Honjo Masamune ou aussi \u00e9nigmatiques qu\u2019Excalibur, elles ont toutes un point commun: <strong>elles incarnent l\u2019\u00e2me d\u2019une \u00e9poque<\/strong> et la passion de ceux qui s\u2019en souviennent encore. Chaque lame forg\u00e9e, chaque nom immortalis\u00e9 raconte l\u2019histoire de h\u00e9ros qui ont marqu\u00e9 l\u2019histoire et de l\u00e9gendes qui vivent encore aujourd\u2019hui.<\/p>","protected":false},"excerpt":{"rendered":"<p>Desde que la civilizaci\u00f3n puso sus cimientos, las espadas han sido mucho m\u00e1s que simples instrumentos de guerra. Han encarnado el honor, la justicia, la nobleza y, a veces, la rebeld\u00eda. Algunas son reales, otras puro mito, pero todas han sabido quedarse en nuestra memoria colectiva. Acomp\u00e1\u00f1anos en este viaje para descubrir las espadas legendarias [&hellip;]<\/p>\n","protected":false},"author":1,"featured_media":18867,"comment_status":"closed","ping_status":"closed","sticky":false,"template":"","format":"standard","meta":{"footnotes":""},"categories":[137],"tags":[],"class_list":["post-18860","post","type-post","status-publish","format-standard","has-post-thumbnail","hentry","category-historia-armas"],"yoast_head":"<!-- This site is optimized with the Yoast SEO plugin v27.4 - https:\/\/yoast.com\/product\/yoast-seo-wordpress\/ -->\n<title>\u25b7 Espadas legendarias que hicieron historia y su legado<\/title>\n<meta name=\"description\" content=\"Descubre las espadas legendarias m\u00e1s famosas del mundo: entre mitos y realidad, su historia sigue viva. \u00a1Explora su simbolismo!\" \/>\n<meta name=\"robots\" content=\"index, follow, max-snippet:-1, max-image-preview:large, max-video-preview:-1\" \/>\n<link rel=\"canonical\" href=\"https:\/\/kolser.com\/fr\/blog\/epees-legendaires\/\" \/>\n<meta property=\"og:locale\" content=\"fr_FR\" \/>\n<meta property=\"og:type\" content=\"article\" \/>\n<meta property=\"og:title\" content=\"\u25b7 Espadas legendarias que hicieron historia y su legado\" \/>\n<meta property=\"og:description\" content=\"Descubre las espadas legendarias m\u00e1s famosas del mundo: entre mitos y realidad, su historia sigue viva. \u00a1Explora su simbolismo!\" \/>\n<meta property=\"og:url\" content=\"https:\/\/kolser.com\/fr\/blog\/epees-legendaires\/\" \/>\n<meta property=\"og:site_name\" content=\"Kolser\" \/>\n<meta property=\"article:published_time\" content=\"2025-07-21T10:25:48+00:00\" \/>\n<meta property=\"article:modified_time\" content=\"2026-04-24T07:50:46+00:00\" \/>\n<meta property=\"og:image\" content=\"https:\/\/kolser.com\/wp-content\/uploads\/2025\/07\/una-espada-con-plumas-y-una-camisa-de-cadena-1.jpg\" \/>\n\t<meta property=\"og:image:width\" content=\"720\" \/>\n\t<meta property=\"og:image:height\" content=\"480\" \/>\n\t<meta property=\"og:image:type\" content=\"image\/jpeg\" \/>\n<meta name=\"author\" content=\"admin\" \/>\n<meta name=\"twitter:card\" content=\"summary_large_image\" \/>\n<meta name=\"twitter:label1\" content=\"\u00c9crit par\" \/>\n\t<meta name=\"twitter:data1\" content=\"admin\" \/>\n\t<meta name=\"twitter:label2\" content=\"Dur\u00e9e de lecture estim\u00e9e\" \/>\n\t<meta name=\"twitter:data2\" content=\"7 minutes\" \/>\n<script type=\"application\/ld+json\" class=\"yoast-schema-graph\">{\"@context\":\"https:\\\/\\\/schema.org\",\"@graph\":[{\"@type\":\"Article\",\"@id\":\"https:\\\/\\\/kolser.com\\\/blog\\\/espadas-legendarias\\\/#article\",\"isPartOf\":{\"@id\":\"https:\\\/\\\/kolser.com\\\/blog\\\/espadas-legendarias\\\/\"},\"author\":{\"name\":\"admin\",\"@id\":\"https:\\\/\\\/kolser.com\\\/#\\\/schema\\\/person\\\/dab44554ae7a5b500170a7cbfbc5c1e4\"},\"headline\":\"Las espadas legendarias que marcaron la historia\",\"datePublished\":\"2025-07-21T10:25:48+00:00\",\"dateModified\":\"2026-04-24T07:50:46+00:00\",\"mainEntityOfPage\":{\"@id\":\"https:\\\/\\\/kolser.com\\\/blog\\\/espadas-legendarias\\\/\"},\"wordCount\":1411,\"publisher\":{\"@id\":\"https:\\\/\\\/kolser.com\\\/#organization\"},\"image\":{\"@id\":\"https:\\\/\\\/kolser.com\\\/blog\\\/espadas-legendarias\\\/#primaryimage\"},\"thumbnailUrl\":\"https:\\\/\\\/kolser.com\\\/wp-content\\\/uploads\\\/2025\\\/07\\\/una-espada-con-plumas-y-una-camisa-de-cadena-1.jpg\",\"articleSection\":[\"Historia armas\"],\"inLanguage\":\"fr-FR\"},{\"@type\":[\"WebPage\",\"ItemPage\"],\"@id\":\"https:\\\/\\\/kolser.com\\\/blog\\\/espadas-legendarias\\\/\",\"url\":\"https:\\\/\\\/kolser.com\\\/blog\\\/espadas-legendarias\\\/\",\"name\":\"\u25b7 Espadas legendarias que hicieron historia y su legado\",\"isPartOf\":{\"@id\":\"https:\\\/\\\/kolser.com\\\/#website\"},\"primaryImageOfPage\":{\"@id\":\"https:\\\/\\\/kolser.com\\\/blog\\\/espadas-legendarias\\\/#primaryimage\"},\"image\":{\"@id\":\"https:\\\/\\\/kolser.com\\\/blog\\\/espadas-legendarias\\\/#primaryimage\"},\"thumbnailUrl\":\"https:\\\/\\\/kolser.com\\\/wp-content\\\/uploads\\\/2025\\\/07\\\/una-espada-con-plumas-y-una-camisa-de-cadena-1.jpg\",\"datePublished\":\"2025-07-21T10:25:48+00:00\",\"dateModified\":\"2026-04-24T07:50:46+00:00\",\"description\":\"Descubre las espadas legendarias m\u00e1s famosas del mundo: entre mitos y realidad, su historia sigue viva. \u00a1Explora su simbolismo!\",\"breadcrumb\":{\"@id\":\"https:\\\/\\\/kolser.com\\\/blog\\\/espadas-legendarias\\\/#breadcrumb\"},\"inLanguage\":\"fr-FR\",\"potentialAction\":[{\"@type\":\"ReadAction\",\"target\":[\"https:\\\/\\\/kolser.com\\\/blog\\\/espadas-legendarias\\\/\"]}]},{\"@type\":\"ImageObject\",\"inLanguage\":\"fr-FR\",\"@id\":\"https:\\\/\\\/kolser.com\\\/blog\\\/espadas-legendarias\\\/#primaryimage\",\"url\":\"https:\\\/\\\/kolser.com\\\/wp-content\\\/uploads\\\/2025\\\/07\\\/una-espada-con-plumas-y-una-camisa-de-cadena-1.jpg\",\"contentUrl\":\"https:\\\/\\\/kolser.com\\\/wp-content\\\/uploads\\\/2025\\\/07\\\/una-espada-con-plumas-y-una-camisa-de-cadena-1.jpg\",\"width\":720,\"height\":480,\"caption\":\"Las espadas legendarias que marcaron la historia\"},{\"@type\":\"BreadcrumbList\",\"@id\":\"https:\\\/\\\/kolser.com\\\/blog\\\/espadas-legendarias\\\/#breadcrumb\",\"itemListElement\":[{\"@type\":\"ListItem\",\"position\":1,\"name\":\"Home\",\"item\":\"https:\\\/\\\/kolser.com\\\/\"},{\"@type\":\"ListItem\",\"position\":2,\"name\":\"Las espadas legendarias que marcaron la historia\"}]},{\"@type\":\"WebSite\",\"@id\":\"https:\\\/\\\/kolser.com\\\/#website\",\"url\":\"https:\\\/\\\/kolser.com\\\/\",\"name\":\"Kolser\",\"description\":\"\",\"publisher\":{\"@id\":\"https:\\\/\\\/kolser.com\\\/#organization\"},\"potentialAction\":[{\"@type\":\"SearchAction\",\"target\":{\"@type\":\"EntryPoint\",\"urlTemplate\":\"https:\\\/\\\/kolser.com\\\/?s={search_term_string}\"},\"query-input\":{\"@type\":\"PropertyValueSpecification\",\"valueRequired\":true,\"valueName\":\"search_term_string\"}}],\"inLanguage\":\"fr-FR\"},{\"@type\":\"Organization\",\"@id\":\"https:\\\/\\\/kolser.com\\\/#organization\",\"name\":\"Kolser\",\"url\":\"https:\\\/\\\/kolser.com\\\/\",\"logo\":{\"@type\":\"ImageObject\",\"inLanguage\":\"fr-FR\",\"@id\":\"https:\\\/\\\/kolser.com\\\/#\\\/schema\\\/logo\\\/image\\\/\",\"url\":\"https:\\\/\\\/kolser.com\\\/wp-content\\\/uploads\\\/2021\\\/11\\\/Logo-Cabecera.png\",\"contentUrl\":\"https:\\\/\\\/kolser.com\\\/wp-content\\\/uploads\\\/2021\\\/11\\\/Logo-Cabecera.png\",\"width\":979,\"height\":1358,\"caption\":\"Kolser\"},\"image\":{\"@id\":\"https:\\\/\\\/kolser.com\\\/#\\\/schema\\\/logo\\\/image\\\/\"}},{\"@type\":\"Person\",\"@id\":\"https:\\\/\\\/kolser.com\\\/#\\\/schema\\\/person\\\/dab44554ae7a5b500170a7cbfbc5c1e4\",\"name\":\"admin\",\"image\":{\"@type\":\"ImageObject\",\"inLanguage\":\"fr-FR\",\"@id\":\"https:\\\/\\\/kolser.com\\\/wp-content\\\/litespeed\\\/avatar\\\/4c800be94ae2fa9884defe4cd3326b44.jpg?ver=1776951002\",\"url\":\"https:\\\/\\\/kolser.com\\\/wp-content\\\/litespeed\\\/avatar\\\/4c800be94ae2fa9884defe4cd3326b44.jpg?ver=1776951002\",\"contentUrl\":\"https:\\\/\\\/kolser.com\\\/wp-content\\\/litespeed\\\/avatar\\\/4c800be94ae2fa9884defe4cd3326b44.jpg?ver=1776951002\",\"caption\":\"admin\"},\"sameAs\":[\"https:\\\/\\\/kolser.com\"]}]}<\/script>\n<!-- \/ Yoast SEO plugin. -->","yoast_head_json":{"title":"\u25b7 Espadas legendarias que hicieron historia y su legado","description":"Descubre las espadas legendarias m\u00e1s famosas del mundo: entre mitos y realidad, su historia sigue viva. \u00a1Explora su simbolismo!","robots":{"index":"index","follow":"follow","max-snippet":"max-snippet:-1","max-image-preview":"max-image-preview:large","max-video-preview":"max-video-preview:-1"},"canonical":"https:\/\/kolser.com\/fr\/blog\/epees-legendaires\/","og_locale":"fr_FR","og_type":"article","og_title":"\u25b7 Espadas legendarias que hicieron historia y su legado","og_description":"Descubre las espadas legendarias m\u00e1s famosas del mundo: entre mitos y realidad, su historia sigue viva. \u00a1Explora su simbolismo!","og_url":"https:\/\/kolser.com\/fr\/blog\/epees-legendaires\/","og_site_name":"Kolser","article_published_time":"2025-07-21T10:25:48+00:00","article_modified_time":"2026-04-24T07:50:46+00:00","og_image":[{"width":720,"height":480,"url":"https:\/\/kolser.com\/wp-content\/uploads\/2025\/07\/una-espada-con-plumas-y-una-camisa-de-cadena-1.jpg","type":"image\/jpeg"}],"author":"admin","twitter_card":"summary_large_image","twitter_misc":{"\u00c9crit par":"admin","Dur\u00e9e de lecture estim\u00e9e":"7 minutes"},"schema":{"@context":"https:\/\/schema.org","@graph":[{"@type":"Article","@id":"https:\/\/kolser.com\/blog\/espadas-legendarias\/#article","isPartOf":{"@id":"https:\/\/kolser.com\/blog\/espadas-legendarias\/"},"author":{"name":"admin","@id":"https:\/\/kolser.com\/#\/schema\/person\/dab44554ae7a5b500170a7cbfbc5c1e4"},"headline":"Las espadas legendarias que marcaron la historia","datePublished":"2025-07-21T10:25:48+00:00","dateModified":"2026-04-24T07:50:46+00:00","mainEntityOfPage":{"@id":"https:\/\/kolser.com\/blog\/espadas-legendarias\/"},"wordCount":1411,"publisher":{"@id":"https:\/\/kolser.com\/#organization"},"image":{"@id":"https:\/\/kolser.com\/blog\/espadas-legendarias\/#primaryimage"},"thumbnailUrl":"https:\/\/kolser.com\/wp-content\/uploads\/2025\/07\/una-espada-con-plumas-y-una-camisa-de-cadena-1.jpg","articleSection":["Historia armas"],"inLanguage":"fr-FR"},{"@type":["WebPage","ItemPage"],"@id":"https:\/\/kolser.com\/blog\/espadas-legendarias\/","url":"https:\/\/kolser.com\/blog\/espadas-legendarias\/","name":"\u25b7 Espadas legendarias que hicieron historia y su legado","isPartOf":{"@id":"https:\/\/kolser.com\/#website"},"primaryImageOfPage":{"@id":"https:\/\/kolser.com\/blog\/espadas-legendarias\/#primaryimage"},"image":{"@id":"https:\/\/kolser.com\/blog\/espadas-legendarias\/#primaryimage"},"thumbnailUrl":"https:\/\/kolser.com\/wp-content\/uploads\/2025\/07\/una-espada-con-plumas-y-una-camisa-de-cadena-1.jpg","datePublished":"2025-07-21T10:25:48+00:00","dateModified":"2026-04-24T07:50:46+00:00","description":"Descubre las espadas legendarias m\u00e1s famosas del mundo: entre mitos y realidad, su historia sigue viva. \u00a1Explora su simbolismo!","breadcrumb":{"@id":"https:\/\/kolser.com\/blog\/espadas-legendarias\/#breadcrumb"},"inLanguage":"fr-FR","potentialAction":[{"@type":"ReadAction","target":["https:\/\/kolser.com\/blog\/espadas-legendarias\/"]}]},{"@type":"ImageObject","inLanguage":"fr-FR","@id":"https:\/\/kolser.com\/blog\/espadas-legendarias\/#primaryimage","url":"https:\/\/kolser.com\/wp-content\/uploads\/2025\/07\/una-espada-con-plumas-y-una-camisa-de-cadena-1.jpg","contentUrl":"https:\/\/kolser.com\/wp-content\/uploads\/2025\/07\/una-espada-con-plumas-y-una-camisa-de-cadena-1.jpg","width":720,"height":480,"caption":"Las espadas legendarias que marcaron la historia"},{"@type":"BreadcrumbList","@id":"https:\/\/kolser.com\/blog\/espadas-legendarias\/#breadcrumb","itemListElement":[{"@type":"ListItem","position":1,"name":"Home","item":"https:\/\/kolser.com\/"},{"@type":"ListItem","position":2,"name":"Las espadas legendarias que marcaron la historia"}]},{"@type":"WebSite","@id":"https:\/\/kolser.com\/#website","url":"https:\/\/kolser.com\/","name":"Kolser","description":"","publisher":{"@id":"https:\/\/kolser.com\/#organization"},"potentialAction":[{"@type":"SearchAction","target":{"@type":"EntryPoint","urlTemplate":"https:\/\/kolser.com\/?s={search_term_string}"},"query-input":{"@type":"PropertyValueSpecification","valueRequired":true,"valueName":"search_term_string"}}],"inLanguage":"fr-FR"},{"@type":"Organization","@id":"https:\/\/kolser.com\/#organization","name":"Kolser","url":"https:\/\/kolser.com\/","logo":{"@type":"ImageObject","inLanguage":"fr-FR","@id":"https:\/\/kolser.com\/#\/schema\/logo\/image\/","url":"https:\/\/kolser.com\/wp-content\/uploads\/2021\/11\/Logo-Cabecera.png","contentUrl":"https:\/\/kolser.com\/wp-content\/uploads\/2021\/11\/Logo-Cabecera.png","width":979,"height":1358,"caption":"Kolser"},"image":{"@id":"https:\/\/kolser.com\/#\/schema\/logo\/image\/"}},{"@type":"Person","@id":"https:\/\/kolser.com\/#\/schema\/person\/dab44554ae7a5b500170a7cbfbc5c1e4","name":"admin","image":{"@type":"ImageObject","inLanguage":"fr-FR","@id":"https:\/\/kolser.com\/wp-content\/litespeed\/avatar\/4c800be94ae2fa9884defe4cd3326b44.jpg?ver=1776951002","url":"https:\/\/kolser.com\/wp-content\/litespeed\/avatar\/4c800be94ae2fa9884defe4cd3326b44.jpg?ver=1776951002","contentUrl":"https:\/\/kolser.com\/wp-content\/litespeed\/avatar\/4c800be94ae2fa9884defe4cd3326b44.jpg?ver=1776951002","caption":"admin"},"sameAs":["https:\/\/kolser.com"]}]}},"_links":{"self":[{"href":"https:\/\/kolser.com\/fr\/wp-json\/wp\/v2\/posts\/18860","targetHints":{"allow":["GET"]}}],"collection":[{"href":"https:\/\/kolser.com\/fr\/wp-json\/wp\/v2\/posts"}],"about":[{"href":"https:\/\/kolser.com\/fr\/wp-json\/wp\/v2\/types\/post"}],"author":[{"embeddable":true,"href":"https:\/\/kolser.com\/fr\/wp-json\/wp\/v2\/users\/1"}],"replies":[{"embeddable":true,"href":"https:\/\/kolser.com\/fr\/wp-json\/wp\/v2\/comments?post=18860"}],"version-history":[{"count":9,"href":"https:\/\/kolser.com\/fr\/wp-json\/wp\/v2\/posts\/18860\/revisions"}],"predecessor-version":[{"id":18871,"href":"https:\/\/kolser.com\/fr\/wp-json\/wp\/v2\/posts\/18860\/revisions\/18871"}],"wp:featuredmedia":[{"embeddable":true,"href":"https:\/\/kolser.com\/fr\/wp-json\/wp\/v2\/media\/18867"}],"wp:attachment":[{"href":"https:\/\/kolser.com\/fr\/wp-json\/wp\/v2\/media?parent=18860"}],"wp:term":[{"taxonomy":"category","embeddable":true,"href":"https:\/\/kolser.com\/fr\/wp-json\/wp\/v2\/categories?post=18860"},{"taxonomy":"post_tag","embeddable":true,"href":"https:\/\/kolser.com\/fr\/wp-json\/wp\/v2\/tags?post=18860"}],"curies":[{"name":"wp","href":"https:\/\/api.w.org\/{rel}","templated":true}]}}