{"id":15438,"date":"2022-07-14T14:51:04","date_gmt":"2022-07-14T14:51:04","guid":{"rendered":"https:\/\/kolser.com\/?p=15438"},"modified":"2025-05-14T16:34:34","modified_gmt":"2025-05-14T14:34:34","slug":"las-espadas-de-los-cadetes","status":"publish","type":"post","link":"https:\/\/kolser.com\/fr\/blog\/las-espadas-de-los-cadetes\/","title":{"rendered":"Las espadas de los cadetes"},"content":{"rendered":"<p>La <strong>espada para cadetes <\/strong>ha sido una de las armas esenciales a lo largo de la historia. Por ello, en este art\u00edculo van a ser expuestos algunos de los modelos principales m\u00e1s demandados en los \u00faltimos a\u00f1os.<\/p>\n\n\n\n<h2 class=\"wp-block-heading\">Los modelos m\u00e1s caracter\u00edsticos<\/h2>\n\n\n\n<p>A lo largo de la historia, y en especial en el medievo, los militares <strong>han utilizado en gran medida las espadas para cadetes<\/strong>. Es por esto que los modelos m\u00e1s destacados pertenecen a esa \u00e9poca.<\/p>\n\n\n\n<h3 class=\"wp-block-heading\">La espada de Alfonso X<\/h3>\n\n\n\n<p>Alfonso X El Sabio fue uno de los reyes m\u00e1s importantes en el per\u00edodo de <a href=\"https:\/\/www.elhistoriador.com.ar\/la-reconquista-espanola\/\" target=\"_blank\" rel=\"noreferrer noopener\">la Reconquista <\/a>. Su espada de cadete estaba elaborada completamente de metal y la <strong>empu\u00f1adura es fiel al estilo medieval<\/strong>, con el pomo en forma de rombo y dos cruces cristiana en la punta.<\/p>\n\n\n\n<h3 class=\"wp-block-heading\">Tizona<\/h3>\n\n\n\n<p>La figura de Rodrigo D\u00edaz de Vivar es <strong>una de las principales en la Edad Media en Espa\u00f1a <\/strong>. La poes\u00eda popular se recoge muchas de las epopeyas de este militar. Se suele decir que el Cid Campeador mont\u00f3 su caballo Babieca y empu\u00f1\u00f3 la espada Tizona.<\/p>\n\n\n\n<p>Esta arma es muy larga, con <strong>una dimensi\u00f3n aproximada de 57 cent\u00edmetros<\/strong>. Est\u00e1 echa completamente de metal y es una de las m\u00e1s recordadas.<\/p>\n\n\n\n<h2 class=\"wp-block-heading\">Espadas de cadetes en Kolser<\/h2>\n\n\n\n<p>En nuestro sitio contamos con un amplio cat\u00e1logo de<strong> espadas que son una r\u00e9plica perfecta de la original<\/strong>. Estos son algunos de los modelos destacados:<\/p>\n\n\n\n<ul class=\"wp-block-list\">\n<li>La espada del Duque de Alba, un militar muy conocido por sus luchas contra los protestantes en los Pa\u00edses Bajos. Con un pomo circular y elaborada de metal es <a href=\"https:\/\/kolser.com\/fr\/produit\/espada-cadete-duque-de-alba\/\" target=\"_blank\" rel=\"noreferrer noopener\">una de las espadas m\u00e1s destacadas<\/a>.<\/li>\n\n\n\n<li>La espada <a href=\"https:\/\/kolser.com\/fr\/produit\/espada-cadete-colada\/\" target=\"_blank\" rel=\"noreferrer noopener\">tipo colada<\/a> para cadetes est\u00e1 fabricada puramente en metal y tiene una longitud de 55 cent\u00edmetros.<\/li>\n<\/ul>\n\n\n\n<p>La <strong>espada para cadetes<\/strong> es una de las armas m\u00e1s populares en la Edad Media. <a href=\"https:\/\/kolser.com\/fr\/catalogo\/\" target=\"_blank\" rel=\"noreferrer noopener\">Le invitamos a visitar nuestro sitio web<\/a> y descubrir nuestro amplio cat\u00e1logo.<\/p>\n\n\n\n<p><\/p>\n\n\n\n<p><strong><em>ATTENTION : Les r\u00e9pliques KOLSER ne sont pas adapt\u00e9es aux munitions r\u00e9elles. La plupart sont con\u00e7ues pour l\u2019utilisation de amorces.<\/em><\/strong><\/p>","protected":false},"excerpt":{"rendered":"<p>La espada para cadetes ha sido una de las armas esenciales a lo largo de la historia. Por ello, en este art\u00edculo van a ser expuestos algunos de los modelos principales m\u00e1s demandados en los \u00faltimos a\u00f1os. Los modelos m\u00e1s caracter\u00edsticos A lo largo de la historia, y en especial en el medievo, los militares [&hellip;]<\/p>\n","protected":false},"author":1,"featured_media":15439,"comment_status":"open","ping_status":"open","sticky":false,"template":"","format":"standard","meta":{"footnotes":""},"categories":[137],"tags":[],"class_list":["post-15438","post","type-post","status-publish","format-standard","has-post-thumbnail","hentry","category-historia-armas"],"yoast_head":"<!-- This site is optimized with the Yoast SEO plugin v27.4 - https:\/\/yoast.com\/product\/yoast-seo-wordpress\/ -->\n<title>Espada de cadetes: los modelos m\u00e1s destacados durante la Edad Media<\/title>\n<meta name=\"description\" content=\"La espada de cadetes, una de las armas m\u00e1s destacadas a lo largo de la historia. Existen modelos populares como la de Alfonso X o la Tizona\" \/>\n<meta name=\"robots\" content=\"index, follow, max-snippet:-1, max-image-preview:large, max-video-preview:-1\" \/>\n<link rel=\"canonical\" href=\"https:\/\/kolser.com\/fr\/blog\/las-espadas-de-los-cadetes\/\" \/>\n<meta property=\"og:locale\" content=\"fr_FR\" \/>\n<meta property=\"og:type\" content=\"article\" \/>\n<meta property=\"og:title\" content=\"Espada de cadetes: los modelos m\u00e1s destacados durante la Edad Media\" \/>\n<meta property=\"og:description\" content=\"La espada de cadetes, una de las armas m\u00e1s destacadas a lo largo de la historia. Existen modelos populares como la de Alfonso X o la Tizona\" \/>\n<meta property=\"og:url\" content=\"https:\/\/kolser.com\/fr\/blog\/las-espadas-de-los-cadetes\/\" \/>\n<meta property=\"og:site_name\" content=\"Kolser\" \/>\n<meta property=\"article:published_time\" content=\"2022-07-14T14:51:04+00:00\" \/>\n<meta property=\"article:modified_time\" content=\"2025-05-14T14:34:34+00:00\" \/>\n<meta property=\"og:image\" content=\"https:\/\/kolser.com\/wp-content\/uploads\/2022\/07\/Espada-cadete.jpg\" \/>\n\t<meta property=\"og:image:width\" content=\"1000\" \/>\n\t<meta property=\"og:image:height\" content=\"600\" \/>\n\t<meta property=\"og:image:type\" content=\"image\/jpeg\" \/>\n<meta name=\"author\" content=\"admin\" \/>\n<meta name=\"twitter:card\" content=\"summary_large_image\" \/>\n<meta name=\"twitter:label1\" content=\"\u00c9crit par\" \/>\n\t<meta name=\"twitter:data1\" content=\"admin\" \/>\n\t<meta name=\"twitter:label2\" content=\"Dur\u00e9e de lecture estim\u00e9e\" \/>\n\t<meta name=\"twitter:data2\" content=\"2 minutes\" \/>\n<script type=\"application\/ld+json\" class=\"yoast-schema-graph\">{\"@context\":\"https:\\\/\\\/schema.org\",\"@graph\":[{\"@type\":\"Article\",\"@id\":\"https:\\\/\\\/kolser.com\\\/blog\\\/las-espadas-de-los-cadetes\\\/#article\",\"isPartOf\":{\"@id\":\"https:\\\/\\\/kolser.com\\\/blog\\\/las-espadas-de-los-cadetes\\\/\"},\"author\":{\"name\":\"admin\",\"@id\":\"https:\\\/\\\/kolser.com\\\/#\\\/schema\\\/person\\\/dab44554ae7a5b500170a7cbfbc5c1e4\"},\"headline\":\"Las espadas de los cadetes\",\"datePublished\":\"2022-07-14T14:51:04+00:00\",\"dateModified\":\"2025-05-14T14:34:34+00:00\",\"mainEntityOfPage\":{\"@id\":\"https:\\\/\\\/kolser.com\\\/blog\\\/las-espadas-de-los-cadetes\\\/\"},\"wordCount\":357,\"commentCount\":0,\"publisher\":{\"@id\":\"https:\\\/\\\/kolser.com\\\/#organization\"},\"image\":{\"@id\":\"https:\\\/\\\/kolser.com\\\/blog\\\/las-espadas-de-los-cadetes\\\/#primaryimage\"},\"thumbnailUrl\":\"https:\\\/\\\/kolser.com\\\/wp-content\\\/uploads\\\/2022\\\/07\\\/Espada-cadete.jpg\",\"articleSection\":[\"Historia armas\"],\"inLanguage\":\"fr-FR\",\"potentialAction\":[{\"@type\":\"CommentAction\",\"name\":\"Comment\",\"target\":[\"https:\\\/\\\/kolser.com\\\/blog\\\/las-espadas-de-los-cadetes\\\/#respond\"]}]},{\"@type\":[\"WebPage\",\"ItemPage\"],\"@id\":\"https:\\\/\\\/kolser.com\\\/blog\\\/las-espadas-de-los-cadetes\\\/\",\"url\":\"https:\\\/\\\/kolser.com\\\/blog\\\/las-espadas-de-los-cadetes\\\/\",\"name\":\"Espada de cadetes: los modelos m\u00e1s destacados durante la Edad Media\",\"isPartOf\":{\"@id\":\"https:\\\/\\\/kolser.com\\\/#website\"},\"primaryImageOfPage\":{\"@id\":\"https:\\\/\\\/kolser.com\\\/blog\\\/las-espadas-de-los-cadetes\\\/#primaryimage\"},\"image\":{\"@id\":\"https:\\\/\\\/kolser.com\\\/blog\\\/las-espadas-de-los-cadetes\\\/#primaryimage\"},\"thumbnailUrl\":\"https:\\\/\\\/kolser.com\\\/wp-content\\\/uploads\\\/2022\\\/07\\\/Espada-cadete.jpg\",\"datePublished\":\"2022-07-14T14:51:04+00:00\",\"dateModified\":\"2025-05-14T14:34:34+00:00\",\"description\":\"La espada de cadetes, una de las armas m\u00e1s destacadas a lo largo de la historia. Existen modelos populares como la de Alfonso X o la Tizona\",\"breadcrumb\":{\"@id\":\"https:\\\/\\\/kolser.com\\\/blog\\\/las-espadas-de-los-cadetes\\\/#breadcrumb\"},\"inLanguage\":\"fr-FR\",\"potentialAction\":[{\"@type\":\"ReadAction\",\"target\":[\"https:\\\/\\\/kolser.com\\\/blog\\\/las-espadas-de-los-cadetes\\\/\"]}]},{\"@type\":\"ImageObject\",\"inLanguage\":\"fr-FR\",\"@id\":\"https:\\\/\\\/kolser.com\\\/blog\\\/las-espadas-de-los-cadetes\\\/#primaryimage\",\"url\":\"https:\\\/\\\/kolser.com\\\/wp-content\\\/uploads\\\/2022\\\/07\\\/Espada-cadete.jpg\",\"contentUrl\":\"https:\\\/\\\/kolser.com\\\/wp-content\\\/uploads\\\/2022\\\/07\\\/Espada-cadete.jpg\",\"width\":1000,\"height\":600,\"caption\":\"Prime plano de espu\u00f1adura y hoja de espada de cadete, replica de kolser\"},{\"@type\":\"BreadcrumbList\",\"@id\":\"https:\\\/\\\/kolser.com\\\/blog\\\/las-espadas-de-los-cadetes\\\/#breadcrumb\",\"itemListElement\":[{\"@type\":\"ListItem\",\"position\":1,\"name\":\"Home\",\"item\":\"https:\\\/\\\/kolser.com\\\/\"},{\"@type\":\"ListItem\",\"position\":2,\"name\":\"Las espadas de los cadetes\"}]},{\"@type\":\"WebSite\",\"@id\":\"https:\\\/\\\/kolser.com\\\/#website\",\"url\":\"https:\\\/\\\/kolser.com\\\/\",\"name\":\"Kolser\",\"description\":\"\",\"publisher\":{\"@id\":\"https:\\\/\\\/kolser.com\\\/#organization\"},\"potentialAction\":[{\"@type\":\"SearchAction\",\"target\":{\"@type\":\"EntryPoint\",\"urlTemplate\":\"https:\\\/\\\/kolser.com\\\/?s={search_term_string}\"},\"query-input\":{\"@type\":\"PropertyValueSpecification\",\"valueRequired\":true,\"valueName\":\"search_term_string\"}}],\"inLanguage\":\"fr-FR\"},{\"@type\":\"Organization\",\"@id\":\"https:\\\/\\\/kolser.com\\\/#organization\",\"name\":\"Kolser\",\"url\":\"https:\\\/\\\/kolser.com\\\/\",\"logo\":{\"@type\":\"ImageObject\",\"inLanguage\":\"fr-FR\",\"@id\":\"https:\\\/\\\/kolser.com\\\/#\\\/schema\\\/logo\\\/image\\\/\",\"url\":\"https:\\\/\\\/kolser.com\\\/wp-content\\\/uploads\\\/2021\\\/11\\\/Logo-Cabecera.png\",\"contentUrl\":\"https:\\\/\\\/kolser.com\\\/wp-content\\\/uploads\\\/2021\\\/11\\\/Logo-Cabecera.png\",\"width\":979,\"height\":1358,\"caption\":\"Kolser\"},\"image\":{\"@id\":\"https:\\\/\\\/kolser.com\\\/#\\\/schema\\\/logo\\\/image\\\/\"}},{\"@type\":\"Person\",\"@id\":\"https:\\\/\\\/kolser.com\\\/#\\\/schema\\\/person\\\/dab44554ae7a5b500170a7cbfbc5c1e4\",\"name\":\"admin\",\"image\":{\"@type\":\"ImageObject\",\"inLanguage\":\"fr-FR\",\"@id\":\"https:\\\/\\\/kolser.com\\\/wp-content\\\/litespeed\\\/avatar\\\/4c800be94ae2fa9884defe4cd3326b44.jpg?ver=1777555947\",\"url\":\"https:\\\/\\\/kolser.com\\\/wp-content\\\/litespeed\\\/avatar\\\/4c800be94ae2fa9884defe4cd3326b44.jpg?ver=1777555947\",\"contentUrl\":\"https:\\\/\\\/kolser.com\\\/wp-content\\\/litespeed\\\/avatar\\\/4c800be94ae2fa9884defe4cd3326b44.jpg?ver=1777555947\",\"caption\":\"admin\"},\"sameAs\":[\"https:\\\/\\\/kolser.com\"]}]}<\/script>\n<!-- \/ Yoast SEO plugin. -->","yoast_head_json":{"title":"Espada de cadetes: los modelos m\u00e1s destacados durante la Edad Media","description":"La espada de cadetes, una de las armas m\u00e1s destacadas a lo largo de la historia. Existen modelos populares como la de Alfonso X o la Tizona","robots":{"index":"index","follow":"follow","max-snippet":"max-snippet:-1","max-image-preview":"max-image-preview:large","max-video-preview":"max-video-preview:-1"},"canonical":"https:\/\/kolser.com\/fr\/blog\/las-espadas-de-los-cadetes\/","og_locale":"fr_FR","og_type":"article","og_title":"Espada de cadetes: los modelos m\u00e1s destacados durante la Edad Media","og_description":"La espada de cadetes, una de las armas m\u00e1s destacadas a lo largo de la historia. Existen modelos populares como la de Alfonso X o la Tizona","og_url":"https:\/\/kolser.com\/fr\/blog\/las-espadas-de-los-cadetes\/","og_site_name":"Kolser","article_published_time":"2022-07-14T14:51:04+00:00","article_modified_time":"2025-05-14T14:34:34+00:00","og_image":[{"width":1000,"height":600,"url":"https:\/\/kolser.com\/wp-content\/uploads\/2022\/07\/Espada-cadete.jpg","type":"image\/jpeg"}],"author":"admin","twitter_card":"summary_large_image","twitter_misc":{"\u00c9crit par":"admin","Dur\u00e9e de lecture estim\u00e9e":"2 minutes"},"schema":{"@context":"https:\/\/schema.org","@graph":[{"@type":"Article","@id":"https:\/\/kolser.com\/blog\/las-espadas-de-los-cadetes\/#article","isPartOf":{"@id":"https:\/\/kolser.com\/blog\/las-espadas-de-los-cadetes\/"},"author":{"name":"admin","@id":"https:\/\/kolser.com\/#\/schema\/person\/dab44554ae7a5b500170a7cbfbc5c1e4"},"headline":"Las espadas de los cadetes","datePublished":"2022-07-14T14:51:04+00:00","dateModified":"2025-05-14T14:34:34+00:00","mainEntityOfPage":{"@id":"https:\/\/kolser.com\/blog\/las-espadas-de-los-cadetes\/"},"wordCount":357,"commentCount":0,"publisher":{"@id":"https:\/\/kolser.com\/#organization"},"image":{"@id":"https:\/\/kolser.com\/blog\/las-espadas-de-los-cadetes\/#primaryimage"},"thumbnailUrl":"https:\/\/kolser.com\/wp-content\/uploads\/2022\/07\/Espada-cadete.jpg","articleSection":["Historia armas"],"inLanguage":"fr-FR","potentialAction":[{"@type":"CommentAction","name":"Comment","target":["https:\/\/kolser.com\/blog\/las-espadas-de-los-cadetes\/#respond"]}]},{"@type":["WebPage","ItemPage"],"@id":"https:\/\/kolser.com\/blog\/las-espadas-de-los-cadetes\/","url":"https:\/\/kolser.com\/blog\/las-espadas-de-los-cadetes\/","name":"Espada de cadetes: los modelos m\u00e1s destacados durante la Edad Media","isPartOf":{"@id":"https:\/\/kolser.com\/#website"},"primaryImageOfPage":{"@id":"https:\/\/kolser.com\/blog\/las-espadas-de-los-cadetes\/#primaryimage"},"image":{"@id":"https:\/\/kolser.com\/blog\/las-espadas-de-los-cadetes\/#primaryimage"},"thumbnailUrl":"https:\/\/kolser.com\/wp-content\/uploads\/2022\/07\/Espada-cadete.jpg","datePublished":"2022-07-14T14:51:04+00:00","dateModified":"2025-05-14T14:34:34+00:00","description":"La espada de cadetes, una de las armas m\u00e1s destacadas a lo largo de la historia. Existen modelos populares como la de Alfonso X o la Tizona","breadcrumb":{"@id":"https:\/\/kolser.com\/blog\/las-espadas-de-los-cadetes\/#breadcrumb"},"inLanguage":"fr-FR","potentialAction":[{"@type":"ReadAction","target":["https:\/\/kolser.com\/blog\/las-espadas-de-los-cadetes\/"]}]},{"@type":"ImageObject","inLanguage":"fr-FR","@id":"https:\/\/kolser.com\/blog\/las-espadas-de-los-cadetes\/#primaryimage","url":"https:\/\/kolser.com\/wp-content\/uploads\/2022\/07\/Espada-cadete.jpg","contentUrl":"https:\/\/kolser.com\/wp-content\/uploads\/2022\/07\/Espada-cadete.jpg","width":1000,"height":600,"caption":"Prime plano de espu\u00f1adura y hoja de espada de cadete, replica de kolser"},{"@type":"BreadcrumbList","@id":"https:\/\/kolser.com\/blog\/las-espadas-de-los-cadetes\/#breadcrumb","itemListElement":[{"@type":"ListItem","position":1,"name":"Home","item":"https:\/\/kolser.com\/"},{"@type":"ListItem","position":2,"name":"Las espadas de los cadetes"}]},{"@type":"WebSite","@id":"https:\/\/kolser.com\/#website","url":"https:\/\/kolser.com\/","name":"Kolser","description":"","publisher":{"@id":"https:\/\/kolser.com\/#organization"},"potentialAction":[{"@type":"SearchAction","target":{"@type":"EntryPoint","urlTemplate":"https:\/\/kolser.com\/?s={search_term_string}"},"query-input":{"@type":"PropertyValueSpecification","valueRequired":true,"valueName":"search_term_string"}}],"inLanguage":"fr-FR"},{"@type":"Organization","@id":"https:\/\/kolser.com\/#organization","name":"Kolser","url":"https:\/\/kolser.com\/","logo":{"@type":"ImageObject","inLanguage":"fr-FR","@id":"https:\/\/kolser.com\/#\/schema\/logo\/image\/","url":"https:\/\/kolser.com\/wp-content\/uploads\/2021\/11\/Logo-Cabecera.png","contentUrl":"https:\/\/kolser.com\/wp-content\/uploads\/2021\/11\/Logo-Cabecera.png","width":979,"height":1358,"caption":"Kolser"},"image":{"@id":"https:\/\/kolser.com\/#\/schema\/logo\/image\/"}},{"@type":"Person","@id":"https:\/\/kolser.com\/#\/schema\/person\/dab44554ae7a5b500170a7cbfbc5c1e4","name":"admin","image":{"@type":"ImageObject","inLanguage":"fr-FR","@id":"https:\/\/kolser.com\/wp-content\/litespeed\/avatar\/4c800be94ae2fa9884defe4cd3326b44.jpg?ver=1777555947","url":"https:\/\/kolser.com\/wp-content\/litespeed\/avatar\/4c800be94ae2fa9884defe4cd3326b44.jpg?ver=1777555947","contentUrl":"https:\/\/kolser.com\/wp-content\/litespeed\/avatar\/4c800be94ae2fa9884defe4cd3326b44.jpg?ver=1777555947","caption":"admin"},"sameAs":["https:\/\/kolser.com"]}]}},"_links":{"self":[{"href":"https:\/\/kolser.com\/fr\/wp-json\/wp\/v2\/posts\/15438","targetHints":{"allow":["GET"]}}],"collection":[{"href":"https:\/\/kolser.com\/fr\/wp-json\/wp\/v2\/posts"}],"about":[{"href":"https:\/\/kolser.com\/fr\/wp-json\/wp\/v2\/types\/post"}],"author":[{"embeddable":true,"href":"https:\/\/kolser.com\/fr\/wp-json\/wp\/v2\/users\/1"}],"replies":[{"embeddable":true,"href":"https:\/\/kolser.com\/fr\/wp-json\/wp\/v2\/comments?post=15438"}],"version-history":[{"count":3,"href":"https:\/\/kolser.com\/fr\/wp-json\/wp\/v2\/posts\/15438\/revisions"}],"predecessor-version":[{"id":17797,"href":"https:\/\/kolser.com\/fr\/wp-json\/wp\/v2\/posts\/15438\/revisions\/17797"}],"wp:featuredmedia":[{"embeddable":true,"href":"https:\/\/kolser.com\/fr\/wp-json\/wp\/v2\/media\/15439"}],"wp:attachment":[{"href":"https:\/\/kolser.com\/fr\/wp-json\/wp\/v2\/media?parent=15438"}],"wp:term":[{"taxonomy":"category","embeddable":true,"href":"https:\/\/kolser.com\/fr\/wp-json\/wp\/v2\/categories?post=15438"},{"taxonomy":"post_tag","embeddable":true,"href":"https:\/\/kolser.com\/fr\/wp-json\/wp\/v2\/tags?post=15438"}],"curies":[{"name":"wp","href":"https:\/\/api.w.org\/{rel}","templated":true}]}}