{"id":18860,"date":"2025-07-21T12:25:48","date_gmt":"2025-07-21T10:25:48","guid":{"rendered":"https:\/\/kolser.com\/?p=18860"},"modified":"2026-04-24T09:50:46","modified_gmt":"2026-04-24T07:50:46","slug":"legendare-schwerter","status":"publish","type":"post","link":"https:\/\/kolser.com\/de\/blog\/espadas-legendarias\/","title":{"rendered":"Legend\u00e4re Schwerter, die Geschichte schrieben"},"content":{"rendered":"<p class=\"translation-block\">Seit Anbeginn der Zivilisation waren Schwerter weit mehr als blo\u00dfe Kriegswaffen. Sie verk\u00f6rpern Ehre, Gerechtigkeit, Adel \u2013 und manchmal auch Rebellion. Manche sind real, andere reine Legende, doch alle haben sich tief in unser kollektives Ged\u00e4chtnis eingepr\u00e4gt. Begleite uns auf eine Reise zu den <strong>ber\u00fchmtesten legend\u00e4ren Schwertern<\/strong>: ihre Namen, ihre faszinierende Geschichte und ihr kulturelles Erbe bis in unsere Zeit.<\/p>\n\n\n\n<h2 class=\"wp-block-heading\">Was macht ein Schwert legend\u00e4r?<\/h2>\n\n\n\n<p class=\"translation-block\">Nicht jedes Schwert ist dazu bestimmt, in die Geschichtsb\u00fccher einzugehen, doch manche \u00fcberdauern die Zeit auf besondere Weise. Ob wegen der Pers\u00f6nlichkeit, die es f\u00fchrte, seines starken Symbolgehalts oder der Legenden, die es umgeben \u2013 manche Schwerter werden zu <strong>wahren Ikonen<\/strong>.<\/p>\n\n\n\n<h3 class=\"wp-block-heading\">Mehr als eine Waffe: Symbol, Macht und Kultur<\/h3>\n\n\n\n<p class=\"translation-block\">Ein legend\u00e4res Schwert ist nicht nur durch seine Sch\u00e4rfe oder seine Siege definiert. Was es wirklich legend\u00e4r macht, ist seine Symbolkraft. Es kann f\u00fcr politische Macht, G\u00f6ttlichkeit, Erl\u00f6sung oder Rache stehen. Viele sind mit nationalen oder religi\u00f6sen Helden verbunden und wurden zu <strong>Symbolen ganzer Epochen<\/strong>.<\/p>\n\n\n\n<p>Diese Schwerter leben nicht nur in Geschichtsb\u00fcchern \u2013 sie tauchen in Volkserz\u00e4hlungen, Epen, Museumsausstellungen auf... und in der Fantasie unz\u00e4hliger Sammler, die davon tr\u00e4umen, sie eines Tages in der Hand zu halten.<\/p>\n\n\n\n<h3 class=\"wp-block-heading\">Wie Legenden entstehen: Zwischen Geschichte und Mythos<\/h3>\n\n\n\n<p>Einige legend\u00e4re Schwerter waren real und wurden von historischen Pers\u00f6nlichkeiten gef\u00fchrt. Andere entstammen der Mythologie oder Literatur, ohne Beweise f\u00fcr ihre Existenz. Doch selbst reale Schwerter sind oft von Mythen umgeben \u2013 angeblich unzerbrechlich, mit absoluter Macht ausgestattet oder in der Lage, den w\u00fcrdigen Herrscher zu bestimmen.<\/p>\n\n\n\n<p class=\"translation-block\">Mit der Zeit verschmelzen Realit\u00e4t und Fiktion zu einer einzigen Erz\u00e4hlung. So entstehen <strong>echte legend\u00e4re Schwerter<\/strong>: historische Waffen, die durch ihren Ruhm oder ihre Bedeutung den Weg in die Mythologie finden.<\/p>\n\n\n\n<h2 class=\"wp-block-heading\">Die ber\u00fchmtesten legend\u00e4ren Schwerter der Weltgeschichte<\/h2>\n\n\n\n<p class=\"translation-block\">Im Laufe der Jahrhunderte haben einige echte Schwerter legend\u00e4ren Status erlangt. Von Kaisern, Rittern oder religi\u00f6sen F\u00fchrern gef\u00fchrt, spielten diese Waffen nicht nur auf dem Schlachtfeld, sondern auch in bedeutenden <strong>historischen Ereignissen eine zentrale Rolle<\/strong>.<\/p>\n\n\n\n<h3 class=\"wp-block-heading\">Tizona und Colada: Die Schwerter des Cid Campeador<\/h3>\n\n\n\n<p class=\"translation-block\">Rodrigo D\u00edaz de Vivar, bekannt als <strong>El Cid<\/strong>, geh\u00f6rt zu den bekanntesten Helden der spanischen Geschichte. Seine Schwerter, <a href=\"https:\/\/kolser.com\/de\/produkt\/espada-cadete-tizona\/\" target=\"_blank\" rel=\"noreferrer noopener\">Tizona<\/a> und <a href=\"https:\/\/kolser.com\/de\/produkt\/espada-cadete-colada\/\" target=\"_blank\" rel=\"noreferrer noopener\">Colada<\/a>, stehen nicht nur f\u00fcr den <strong>Geist der Reconquista<\/strong>, sondern auch f\u00fcr die gesamte ritterliche Tradition des Mittelalters. Heute wird die Tizona stolz im Museum von Burgos ausgestellt \u2013 ein starkes Symbol nationaler Identit\u00e4t.<\/p>\n\n\n\n<h3 class=\"wp-block-heading\">Joyeuse: Das Schwert Karls des Gro\u00dfen<\/h3>\n\n\n\n<p class=\"translation-block\">Joyeuse ist der Name des <a href=\"https:\/\/kolser.com\/de\/produkt\/espada-carlomagno\/\" target=\"_blank\" rel=\"noreferrer noopener\">Schwertes von Kaiser Karl dem Gro\u00dfen<\/a>, dem Gr\u00fcnder des Heiligen R\u00f6mischen Reiches. Der Legende nach besa\u00df es <strong>mystische Kr\u00e4fte<\/strong> und eine Klinge, die ihre Farbe ver\u00e4ndern konnte. Jahrhunderte lang wurde es bei den Kr\u00f6nungszeremonien franz\u00f6sischer K\u00f6nige verwendet und wird heute als echtes <strong>Juwel des europ\u00e4ischen Kulturerbes<\/strong> im Louvre aufbewahrt.<\/p>\n\n\n\n<h3 class=\"wp-block-heading\">Zulfiqar: Das Schwert des Kalifen Ali<\/h3>\n\n\n\n<p class=\"translation-block\">Dieses gebogene Schwert mit gespaltener Klinge wurde von Ali ibn Abi Talib gef\u00fchrt und ist eines der <strong>bedeutendsten Symbole des schiitischen Islam<\/strong>. Es steht f\u00fcr Gerechtigkeit und Tapferkeit und wurde unz\u00e4hlige Male auf Fahnen, in Kunstwerken und als Amulett dargestellt.<\/p>\n\n\n\n<h3 class=\"wp-block-heading\">Honjo Masamune: Das ber\u00fchmteste Samurai-Katana<\/h3>\n\n\n\n<p class=\"translation-block\">Die Honjo Masamune gilt als eines der besten Schwerter, das je in Japan geschmiedet wurde. Sie wurde vom legend\u00e4ren Schwertschmied Masamune gefertigt und wurde zum <strong>Symbol des Tokugawa-Shogunats<\/strong>. Sie verk\u00f6rpert die \u00e4sthetische und technische Vollkommenheit der Katana. Ihr heutiger Verbleib ist unbekannt \u2013 was ihren legend\u00e4ren Status nur noch verst\u00e4rkt.<\/p>\n\n\n\n<h2 class=\"wp-block-heading\">Legend\u00e4re Schwerter aus Literatur und Mythologie<\/h2>\n\n\n\n<p>Jenseits historischer \u00dcberlieferungen haben Schwerter auch in mythologischen Erz\u00e4hlungen und epischer Literatur gegl\u00e4nzt. Von der Magie Excaliburs bis zur symbolischen Kraft von Durandal oder Kusanagi \u2013 diese fiktiven Waffen haben tiefe Spuren in der Weltkultur hinterlassen. Hier sind einige der bekanntesten.<\/p>\n\n\n\n<h3 class=\"wp-block-heading\">Excalibur: Der Artus-Mythos durch die Jahrhunderte<\/h3>\n\n\n\n<p class=\"translation-block\">Keine Liste legend\u00e4rer Schwerter w\u00e4re vollst\u00e4ndig ohne <strong><a href=\"https:\/\/kolser.com\/de\/produkt\/espada-excalibur\/\" target=\"_blank\" rel=\"noreferrer noopener\">Excalibur<\/a><\/strong>, die mythische Waffe von <strong>K\u00f6nig Artus<\/strong>. Der Legende nach konnte nur der wahre K\u00f6nig das Schwert aus dem Stein ziehen. Ihre Bedeutung geht weit \u00fcber milit\u00e4rische Macht hinaus \u2013 sie steht f\u00fcr g\u00f6ttliche Gerechtigkeit und Schicksal.<\/p>\n\n\n\n<p class=\"has-text-align-center\"><img fetchpriority=\"high\" decoding=\"async\" width=\"300\" height=\"300\" class=\"wp-image-17330\" style=\"width: 300px;\" src=\"https:\/\/kolser.com\/wp-content\/uploads\/2021\/12\/49-121.jpg\" alt=\"espada excalibur\" srcset=\"https:\/\/kolser.com\/wp-content\/uploads\/2021\/12\/49-121.jpg 2000w, https:\/\/kolser.com\/wp-content\/uploads\/2021\/12\/49-121-800x800.jpg 800w, https:\/\/kolser.com\/wp-content\/uploads\/2021\/12\/49-121-1080x1080.jpg 1080w, https:\/\/kolser.com\/wp-content\/uploads\/2021\/12\/49-121-300x300.jpg 300w, https:\/\/kolser.com\/wp-content\/uploads\/2021\/12\/49-121-768x768.jpg 768w, https:\/\/kolser.com\/wp-content\/uploads\/2021\/12\/49-121-1536x1536.jpg 1536w, https:\/\/kolser.com\/wp-content\/uploads\/2021\/12\/49-121-12x12.jpg 12w, https:\/\/kolser.com\/wp-content\/uploads\/2021\/12\/49-121-600x600.jpg 600w, https:\/\/kolser.com\/wp-content\/uploads\/2021\/12\/49-121-100x100.jpg 100w\" sizes=\"(max-width: 300px) 100vw, 300px\" \/><\/p>\n\n\n\n<h3 class=\"wp-block-heading\">Durendal: Die Waffe des Paladins Roland<\/h3>\n\n\n\n<p class=\"translation-block\">Durendal war das <a href=\"https:\/\/kolser.com\/de\/produkt\/espada-roland\/\" target=\"_blank\" rel=\"noreferrer noopener\">Schwert des Ritters Roland<\/a>, eines der ber\u00fchmten Zw\u00f6lf Paladine Karls des Gro\u00dfen. Im epischen Gedicht Das Lied von Roland hei\u00dft es, dass das Schwert <strong>heilige Reliquien<\/strong> im Griff enthielt und <strong>unzerst\u00f6rbar<\/strong> war. Diese Reliquien sollen einen Zahn des heiligen Petrus, Blut des heiligen Basilius und ein Haar der Jungfrau Maria umfasst haben. Der Legende nach versuchte Roland, das Schwert zu zerst\u00f6ren, damit es nicht in Feindeshand fiel \u2013 doch ohne Erfolg.<\/p>\n\n\n\n<p class=\"has-text-align-center\"><img decoding=\"async\" width=\"300\" height=\"300\" class=\"wp-image-17328\" style=\"width: 300px;\" src=\"https:\/\/kolser.com\/wp-content\/uploads\/2021\/12\/49-120.jpg\" alt=\"\" srcset=\"https:\/\/kolser.com\/wp-content\/uploads\/2021\/12\/49-120.jpg 2000w, https:\/\/kolser.com\/wp-content\/uploads\/2021\/12\/49-120-800x800.jpg 800w, https:\/\/kolser.com\/wp-content\/uploads\/2021\/12\/49-120-1080x1080.jpg 1080w, https:\/\/kolser.com\/wp-content\/uploads\/2021\/12\/49-120-300x300.jpg 300w, https:\/\/kolser.com\/wp-content\/uploads\/2021\/12\/49-120-768x768.jpg 768w, https:\/\/kolser.com\/wp-content\/uploads\/2021\/12\/49-120-1536x1536.jpg 1536w, https:\/\/kolser.com\/wp-content\/uploads\/2021\/12\/49-120-12x12.jpg 12w, https:\/\/kolser.com\/wp-content\/uploads\/2021\/12\/49-120-600x600.jpg 600w, https:\/\/kolser.com\/wp-content\/uploads\/2021\/12\/49-120-100x100.jpg 100w\" sizes=\"(max-width: 300px) 100vw, 300px\" \/><\/p>\n\n\n\n<h3 class=\"wp-block-heading\">Kusanagi-no-Tsurugi: Das japanische \u201cGras schneidende Schwert\u201d<\/h3>\n\n\n\n<p class=\"translation-block\">Dieses heilige Schwert geh\u00f6rt zu den drei Throninsignien Japans und ist in zahlreichen Legenden \u00fcberliefert. Es soll im K\u00f6rper einer Schlange gefunden worden sein und die Kraft haben, den Wind zu kontrollieren. Obwohl es nie \u00f6ffentlich gezeigt wird, spielt es eine zentrale Rolle in der <strong>Thronbesteigung des japanischen Kaisers<\/strong>.<\/p>\n\n\n\n<h3 class=\"wp-block-heading\">And\u00faril: Das Schwert der K\u00f6nige in Der Herr der Ringe<\/h3>\n\n\n\n<p class=\"translation-block\">Obwohl fiktiv, ist And\u00faril (\u201eFlamme des Westens\u201c) eines der bekanntesten legend\u00e4ren Schwerter des 20. Jahrhunderts. Es wurde aus den Bruchst\u00fccken von Narsil geschmiedet und ist das <strong>Schwert von Aragorn<\/strong>, dem Erben der alten K\u00f6nige. Design und Symbolik haben weltweit Nachbildungen, Videospiele und Sammlungen inspiriert.<\/p>\n\n\n\n<h2 class=\"wp-block-heading\">Wirklichkeit oder Legende? Legend\u00e4re Schwerter mit historischem Zweifel<\/h2>\n\n\n\n<p>Einige Schwerter existieren tats\u00e4chlich, doch ihre Geschichten bewegen sich auf dem schmalen Grat zwischen Realit\u00e4t und Mythos. Handelt es sich um echte Relikte oder eher um symbolische Rekonstruktionen? Wurden sie wirklich von den Helden gef\u00fchrt, denen man sie zuschreibt?<\/p>\n\n\n\n<h3 class=\"wp-block-heading\">Das Schwert des heiligen Galgano: das italienische Excalibur?<\/h3>\n\n\n\n<p class=\"translation-block\">Auf einem H\u00fcgel in der Toskana steckt ein Schwert seit dem 12. Jahrhundert im Fels. Der Legende nach rammte der Ritter und sp\u00e4tere Eremit Galgano es dort hinein, um seiner <strong>Abkehr von der Gewalt Ausdruck zu verleihen<\/strong>. Viele betrachten es als das \u201citalienische Excalibur\u201d \u2013 und seine Echtheit wurde sogar wissenschaftlich untersucht.<\/p>\n\n\n\n<h3 class=\"wp-block-heading\">Das Schwert von William Wallace: der Held Schottlands<\/h3>\n\n\n\n<p class=\"translation-block\">Die Waffe, die mit William Wallace \u2013 dem Anf\u00fchrer des schottischen Unabh\u00e4ngigkeitskampfes \u2013 in Verbindung gebracht wird, ist im Wallace National Monument in Stirling ausgestellt. Sie misst \u00fcber 1,60 Meter und wurde mehrfach restauriert. Auch wenn ihre Echtheit umstritten ist, symbolisiert sie f\u00fcr viele Schotten <strong>Freiheit und den Widerstand gegen Unterdr\u00fcckung<\/strong>.<\/p>\n\n\n\n<h2 class=\"wp-block-heading\">Das kulturelle Erbe legend\u00e4rer Schwerter<\/h2>\n\n\n\n<p>Legend\u00e4re Schwerter sind nicht mit der Zeit verschwunden \u2013 im Gegenteil: Ihr Echo hallt noch immer in Filmen, Romanen, Videospielen und in den Sammlungen derjenigen nach, die Geschichte verehren.<\/p>\n\n\n\n<h3 class=\"wp-block-heading\">Von der Geschichte zum Kino: Ihr Einfluss auf die Popkultur<\/h3>\n\n\n\n<p class=\"translation-block\">Legend\u00e4re Schwerter leben nicht nur in Museumsvitrinen oder alten Schriften weiter. Sie sind auch heute noch pr\u00e4sent \u2013 im Kino, in der Literatur, in Videospielen und sogar in Tattoos. Von Hollywood bis hin zu Mittelalterfesten befl\u00fcgeln sie die kollektive Fantasie und <strong>verbinden uns auf besondere Weise mit der Vergangenheit<\/strong>.<\/p>\n\n\n\n<p class=\"translation-block\">Kurz gesagt: Legend\u00e4re Schwerter haben Jahrhunderte, Kulturen und Kontinente \u00fcberdauert \u2013 und Geschichten von Mut, Glaube und Geheimnissen hinterlassen. Ob so real wie die Honjo Masamune oder so sagenumwoben wie Excalibur \u2013 sie alle haben eines gemeinsam: <strong>Sie verk\u00f6rpern den Geist ihrer Zeit<\/strong> und die Leidenschaft jener, die sie noch heute ehren. Jede geschmiedete Klinge, jeder unsterbliche Name erz\u00e4hlt von Helden, die Geschichte schrieben, und von Legenden, die noch immer unter uns leben.<\/p>","protected":false},"excerpt":{"rendered":"<p>Desde que la civilizaci\u00f3n puso sus cimientos, las espadas han sido mucho m\u00e1s que simples instrumentos de guerra. Han encarnado el honor, la justicia, la nobleza y, a veces, la rebeld\u00eda. Algunas son reales, otras puro mito, pero todas han sabido quedarse en nuestra memoria colectiva. Acomp\u00e1\u00f1anos en este viaje para descubrir las espadas legendarias [&hellip;]<\/p>\n","protected":false},"author":1,"featured_media":18867,"comment_status":"closed","ping_status":"closed","sticky":false,"template":"","format":"standard","meta":{"footnotes":""},"categories":[137],"tags":[],"class_list":["post-18860","post","type-post","status-publish","format-standard","has-post-thumbnail","hentry","category-historia-armas"],"yoast_head":"<!-- This site is optimized with the Yoast SEO plugin v27.4 - https:\/\/yoast.com\/product\/yoast-seo-wordpress\/ -->\n<title>\u25b7 Espadas legendarias que hicieron historia y su legado<\/title>\n<meta name=\"description\" content=\"Descubre las espadas legendarias m\u00e1s famosas del mundo: entre mitos y realidad, su historia sigue viva. \u00a1Explora su simbolismo!\" \/>\n<meta name=\"robots\" content=\"index, follow, max-snippet:-1, max-image-preview:large, max-video-preview:-1\" \/>\n<link rel=\"canonical\" href=\"https:\/\/kolser.com\/de\/blog\/legendare-schwerter\/\" \/>\n<meta property=\"og:locale\" content=\"de_DE\" \/>\n<meta property=\"og:type\" content=\"article\" \/>\n<meta property=\"og:title\" content=\"\u25b7 Espadas legendarias que hicieron historia y su legado\" \/>\n<meta property=\"og:description\" content=\"Descubre las espadas legendarias m\u00e1s famosas del mundo: entre mitos y realidad, su historia sigue viva. \u00a1Explora su simbolismo!\" \/>\n<meta property=\"og:url\" content=\"https:\/\/kolser.com\/de\/blog\/legendare-schwerter\/\" \/>\n<meta property=\"og:site_name\" content=\"Kolser\" \/>\n<meta property=\"article:published_time\" content=\"2025-07-21T10:25:48+00:00\" \/>\n<meta property=\"article:modified_time\" content=\"2026-04-24T07:50:46+00:00\" \/>\n<meta property=\"og:image\" content=\"https:\/\/kolser.com\/wp-content\/uploads\/2025\/07\/una-espada-con-plumas-y-una-camisa-de-cadena-1.jpg\" \/>\n\t<meta property=\"og:image:width\" content=\"720\" \/>\n\t<meta property=\"og:image:height\" content=\"480\" \/>\n\t<meta property=\"og:image:type\" content=\"image\/jpeg\" \/>\n<meta name=\"author\" content=\"admin\" \/>\n<meta name=\"twitter:card\" content=\"summary_large_image\" \/>\n<meta name=\"twitter:label1\" content=\"Verfasst von\" \/>\n\t<meta name=\"twitter:data1\" content=\"admin\" \/>\n\t<meta name=\"twitter:label2\" content=\"Gesch\u00e4tzte Lesezeit\" \/>\n\t<meta name=\"twitter:data2\" content=\"7\u00a0Minuten\" \/>\n<script type=\"application\/ld+json\" class=\"yoast-schema-graph\">{\"@context\":\"https:\\\/\\\/schema.org\",\"@graph\":[{\"@type\":\"Article\",\"@id\":\"https:\\\/\\\/kolser.com\\\/blog\\\/espadas-legendarias\\\/#article\",\"isPartOf\":{\"@id\":\"https:\\\/\\\/kolser.com\\\/blog\\\/espadas-legendarias\\\/\"},\"author\":{\"name\":\"admin\",\"@id\":\"https:\\\/\\\/kolser.com\\\/#\\\/schema\\\/person\\\/dab44554ae7a5b500170a7cbfbc5c1e4\"},\"headline\":\"Las espadas legendarias que marcaron la historia\",\"datePublished\":\"2025-07-21T10:25:48+00:00\",\"dateModified\":\"2026-04-24T07:50:46+00:00\",\"mainEntityOfPage\":{\"@id\":\"https:\\\/\\\/kolser.com\\\/blog\\\/espadas-legendarias\\\/\"},\"wordCount\":1411,\"publisher\":{\"@id\":\"https:\\\/\\\/kolser.com\\\/#organization\"},\"image\":{\"@id\":\"https:\\\/\\\/kolser.com\\\/blog\\\/espadas-legendarias\\\/#primaryimage\"},\"thumbnailUrl\":\"https:\\\/\\\/kolser.com\\\/wp-content\\\/uploads\\\/2025\\\/07\\\/una-espada-con-plumas-y-una-camisa-de-cadena-1.jpg\",\"articleSection\":[\"Historia armas\"],\"inLanguage\":\"de\"},{\"@type\":[\"WebPage\",\"ItemPage\"],\"@id\":\"https:\\\/\\\/kolser.com\\\/blog\\\/espadas-legendarias\\\/\",\"url\":\"https:\\\/\\\/kolser.com\\\/blog\\\/espadas-legendarias\\\/\",\"name\":\"\u25b7 Espadas legendarias que hicieron historia y su legado\",\"isPartOf\":{\"@id\":\"https:\\\/\\\/kolser.com\\\/#website\"},\"primaryImageOfPage\":{\"@id\":\"https:\\\/\\\/kolser.com\\\/blog\\\/espadas-legendarias\\\/#primaryimage\"},\"image\":{\"@id\":\"https:\\\/\\\/kolser.com\\\/blog\\\/espadas-legendarias\\\/#primaryimage\"},\"thumbnailUrl\":\"https:\\\/\\\/kolser.com\\\/wp-content\\\/uploads\\\/2025\\\/07\\\/una-espada-con-plumas-y-una-camisa-de-cadena-1.jpg\",\"datePublished\":\"2025-07-21T10:25:48+00:00\",\"dateModified\":\"2026-04-24T07:50:46+00:00\",\"description\":\"Descubre las espadas legendarias m\u00e1s famosas del mundo: entre mitos y realidad, su historia sigue viva. \u00a1Explora su simbolismo!\",\"breadcrumb\":{\"@id\":\"https:\\\/\\\/kolser.com\\\/blog\\\/espadas-legendarias\\\/#breadcrumb\"},\"inLanguage\":\"de\",\"potentialAction\":[{\"@type\":\"ReadAction\",\"target\":[\"https:\\\/\\\/kolser.com\\\/blog\\\/espadas-legendarias\\\/\"]}]},{\"@type\":\"ImageObject\",\"inLanguage\":\"de\",\"@id\":\"https:\\\/\\\/kolser.com\\\/blog\\\/espadas-legendarias\\\/#primaryimage\",\"url\":\"https:\\\/\\\/kolser.com\\\/wp-content\\\/uploads\\\/2025\\\/07\\\/una-espada-con-plumas-y-una-camisa-de-cadena-1.jpg\",\"contentUrl\":\"https:\\\/\\\/kolser.com\\\/wp-content\\\/uploads\\\/2025\\\/07\\\/una-espada-con-plumas-y-una-camisa-de-cadena-1.jpg\",\"width\":720,\"height\":480,\"caption\":\"Las espadas legendarias que marcaron la historia\"},{\"@type\":\"BreadcrumbList\",\"@id\":\"https:\\\/\\\/kolser.com\\\/blog\\\/espadas-legendarias\\\/#breadcrumb\",\"itemListElement\":[{\"@type\":\"ListItem\",\"position\":1,\"name\":\"Home\",\"item\":\"https:\\\/\\\/kolser.com\\\/\"},{\"@type\":\"ListItem\",\"position\":2,\"name\":\"Las espadas legendarias que marcaron la historia\"}]},{\"@type\":\"WebSite\",\"@id\":\"https:\\\/\\\/kolser.com\\\/#website\",\"url\":\"https:\\\/\\\/kolser.com\\\/\",\"name\":\"Kolser\",\"description\":\"\",\"publisher\":{\"@id\":\"https:\\\/\\\/kolser.com\\\/#organization\"},\"potentialAction\":[{\"@type\":\"SearchAction\",\"target\":{\"@type\":\"EntryPoint\",\"urlTemplate\":\"https:\\\/\\\/kolser.com\\\/?s={search_term_string}\"},\"query-input\":{\"@type\":\"PropertyValueSpecification\",\"valueRequired\":true,\"valueName\":\"search_term_string\"}}],\"inLanguage\":\"de\"},{\"@type\":\"Organization\",\"@id\":\"https:\\\/\\\/kolser.com\\\/#organization\",\"name\":\"Kolser\",\"url\":\"https:\\\/\\\/kolser.com\\\/\",\"logo\":{\"@type\":\"ImageObject\",\"inLanguage\":\"de\",\"@id\":\"https:\\\/\\\/kolser.com\\\/#\\\/schema\\\/logo\\\/image\\\/\",\"url\":\"https:\\\/\\\/kolser.com\\\/wp-content\\\/uploads\\\/2021\\\/11\\\/Logo-Cabecera.png\",\"contentUrl\":\"https:\\\/\\\/kolser.com\\\/wp-content\\\/uploads\\\/2021\\\/11\\\/Logo-Cabecera.png\",\"width\":979,\"height\":1358,\"caption\":\"Kolser\"},\"image\":{\"@id\":\"https:\\\/\\\/kolser.com\\\/#\\\/schema\\\/logo\\\/image\\\/\"}},{\"@type\":\"Person\",\"@id\":\"https:\\\/\\\/kolser.com\\\/#\\\/schema\\\/person\\\/dab44554ae7a5b500170a7cbfbc5c1e4\",\"name\":\"admin\",\"image\":{\"@type\":\"ImageObject\",\"inLanguage\":\"de\",\"@id\":\"https:\\\/\\\/kolser.com\\\/wp-content\\\/litespeed\\\/avatar\\\/4c800be94ae2fa9884defe4cd3326b44.jpg?ver=1777555947\",\"url\":\"https:\\\/\\\/kolser.com\\\/wp-content\\\/litespeed\\\/avatar\\\/4c800be94ae2fa9884defe4cd3326b44.jpg?ver=1777555947\",\"contentUrl\":\"https:\\\/\\\/kolser.com\\\/wp-content\\\/litespeed\\\/avatar\\\/4c800be94ae2fa9884defe4cd3326b44.jpg?ver=1777555947\",\"caption\":\"admin\"},\"sameAs\":[\"https:\\\/\\\/kolser.com\"]}]}<\/script>\n<!-- \/ Yoast SEO plugin. -->","yoast_head_json":{"title":"\u25b7 Espadas legendarias que hicieron historia y su legado","description":"Descubre las espadas legendarias m\u00e1s famosas del mundo: entre mitos y realidad, su historia sigue viva. \u00a1Explora su simbolismo!","robots":{"index":"index","follow":"follow","max-snippet":"max-snippet:-1","max-image-preview":"max-image-preview:large","max-video-preview":"max-video-preview:-1"},"canonical":"https:\/\/kolser.com\/de\/blog\/legendare-schwerter\/","og_locale":"de_DE","og_type":"article","og_title":"\u25b7 Espadas legendarias que hicieron historia y su legado","og_description":"Descubre las espadas legendarias m\u00e1s famosas del mundo: entre mitos y realidad, su historia sigue viva. \u00a1Explora su simbolismo!","og_url":"https:\/\/kolser.com\/de\/blog\/legendare-schwerter\/","og_site_name":"Kolser","article_published_time":"2025-07-21T10:25:48+00:00","article_modified_time":"2026-04-24T07:50:46+00:00","og_image":[{"width":720,"height":480,"url":"https:\/\/kolser.com\/wp-content\/uploads\/2025\/07\/una-espada-con-plumas-y-una-camisa-de-cadena-1.jpg","type":"image\/jpeg"}],"author":"admin","twitter_card":"summary_large_image","twitter_misc":{"Verfasst von":"admin","Gesch\u00e4tzte Lesezeit":"7\u00a0Minuten"},"schema":{"@context":"https:\/\/schema.org","@graph":[{"@type":"Article","@id":"https:\/\/kolser.com\/blog\/espadas-legendarias\/#article","isPartOf":{"@id":"https:\/\/kolser.com\/blog\/espadas-legendarias\/"},"author":{"name":"admin","@id":"https:\/\/kolser.com\/#\/schema\/person\/dab44554ae7a5b500170a7cbfbc5c1e4"},"headline":"Las espadas legendarias que marcaron la historia","datePublished":"2025-07-21T10:25:48+00:00","dateModified":"2026-04-24T07:50:46+00:00","mainEntityOfPage":{"@id":"https:\/\/kolser.com\/blog\/espadas-legendarias\/"},"wordCount":1411,"publisher":{"@id":"https:\/\/kolser.com\/#organization"},"image":{"@id":"https:\/\/kolser.com\/blog\/espadas-legendarias\/#primaryimage"},"thumbnailUrl":"https:\/\/kolser.com\/wp-content\/uploads\/2025\/07\/una-espada-con-plumas-y-una-camisa-de-cadena-1.jpg","articleSection":["Historia armas"],"inLanguage":"de"},{"@type":["WebPage","ItemPage"],"@id":"https:\/\/kolser.com\/blog\/espadas-legendarias\/","url":"https:\/\/kolser.com\/blog\/espadas-legendarias\/","name":"\u25b7 Espadas legendarias que hicieron historia y su legado","isPartOf":{"@id":"https:\/\/kolser.com\/#website"},"primaryImageOfPage":{"@id":"https:\/\/kolser.com\/blog\/espadas-legendarias\/#primaryimage"},"image":{"@id":"https:\/\/kolser.com\/blog\/espadas-legendarias\/#primaryimage"},"thumbnailUrl":"https:\/\/kolser.com\/wp-content\/uploads\/2025\/07\/una-espada-con-plumas-y-una-camisa-de-cadena-1.jpg","datePublished":"2025-07-21T10:25:48+00:00","dateModified":"2026-04-24T07:50:46+00:00","description":"Descubre las espadas legendarias m\u00e1s famosas del mundo: entre mitos y realidad, su historia sigue viva. \u00a1Explora su simbolismo!","breadcrumb":{"@id":"https:\/\/kolser.com\/blog\/espadas-legendarias\/#breadcrumb"},"inLanguage":"de","potentialAction":[{"@type":"ReadAction","target":["https:\/\/kolser.com\/blog\/espadas-legendarias\/"]}]},{"@type":"ImageObject","inLanguage":"de","@id":"https:\/\/kolser.com\/blog\/espadas-legendarias\/#primaryimage","url":"https:\/\/kolser.com\/wp-content\/uploads\/2025\/07\/una-espada-con-plumas-y-una-camisa-de-cadena-1.jpg","contentUrl":"https:\/\/kolser.com\/wp-content\/uploads\/2025\/07\/una-espada-con-plumas-y-una-camisa-de-cadena-1.jpg","width":720,"height":480,"caption":"Las espadas legendarias que marcaron la historia"},{"@type":"BreadcrumbList","@id":"https:\/\/kolser.com\/blog\/espadas-legendarias\/#breadcrumb","itemListElement":[{"@type":"ListItem","position":1,"name":"Home","item":"https:\/\/kolser.com\/"},{"@type":"ListItem","position":2,"name":"Las espadas legendarias que marcaron la historia"}]},{"@type":"WebSite","@id":"https:\/\/kolser.com\/#website","url":"https:\/\/kolser.com\/","name":"Kolser","description":"","publisher":{"@id":"https:\/\/kolser.com\/#organization"},"potentialAction":[{"@type":"SearchAction","target":{"@type":"EntryPoint","urlTemplate":"https:\/\/kolser.com\/?s={search_term_string}"},"query-input":{"@type":"PropertyValueSpecification","valueRequired":true,"valueName":"search_term_string"}}],"inLanguage":"de"},{"@type":"Organization","@id":"https:\/\/kolser.com\/#organization","name":"Kolser","url":"https:\/\/kolser.com\/","logo":{"@type":"ImageObject","inLanguage":"de","@id":"https:\/\/kolser.com\/#\/schema\/logo\/image\/","url":"https:\/\/kolser.com\/wp-content\/uploads\/2021\/11\/Logo-Cabecera.png","contentUrl":"https:\/\/kolser.com\/wp-content\/uploads\/2021\/11\/Logo-Cabecera.png","width":979,"height":1358,"caption":"Kolser"},"image":{"@id":"https:\/\/kolser.com\/#\/schema\/logo\/image\/"}},{"@type":"Person","@id":"https:\/\/kolser.com\/#\/schema\/person\/dab44554ae7a5b500170a7cbfbc5c1e4","name":"admin","image":{"@type":"ImageObject","inLanguage":"de","@id":"https:\/\/kolser.com\/wp-content\/litespeed\/avatar\/4c800be94ae2fa9884defe4cd3326b44.jpg?ver=1777555947","url":"https:\/\/kolser.com\/wp-content\/litespeed\/avatar\/4c800be94ae2fa9884defe4cd3326b44.jpg?ver=1777555947","contentUrl":"https:\/\/kolser.com\/wp-content\/litespeed\/avatar\/4c800be94ae2fa9884defe4cd3326b44.jpg?ver=1777555947","caption":"admin"},"sameAs":["https:\/\/kolser.com"]}]}},"_links":{"self":[{"href":"https:\/\/kolser.com\/de\/wp-json\/wp\/v2\/posts\/18860","targetHints":{"allow":["GET"]}}],"collection":[{"href":"https:\/\/kolser.com\/de\/wp-json\/wp\/v2\/posts"}],"about":[{"href":"https:\/\/kolser.com\/de\/wp-json\/wp\/v2\/types\/post"}],"author":[{"embeddable":true,"href":"https:\/\/kolser.com\/de\/wp-json\/wp\/v2\/users\/1"}],"replies":[{"embeddable":true,"href":"https:\/\/kolser.com\/de\/wp-json\/wp\/v2\/comments?post=18860"}],"version-history":[{"count":9,"href":"https:\/\/kolser.com\/de\/wp-json\/wp\/v2\/posts\/18860\/revisions"}],"predecessor-version":[{"id":18871,"href":"https:\/\/kolser.com\/de\/wp-json\/wp\/v2\/posts\/18860\/revisions\/18871"}],"wp:featuredmedia":[{"embeddable":true,"href":"https:\/\/kolser.com\/de\/wp-json\/wp\/v2\/media\/18867"}],"wp:attachment":[{"href":"https:\/\/kolser.com\/de\/wp-json\/wp\/v2\/media?parent=18860"}],"wp:term":[{"taxonomy":"category","embeddable":true,"href":"https:\/\/kolser.com\/de\/wp-json\/wp\/v2\/categories?post=18860"},{"taxonomy":"post_tag","embeddable":true,"href":"https:\/\/kolser.com\/de\/wp-json\/wp\/v2\/tags?post=18860"}],"curies":[{"name":"wp","href":"https:\/\/api.w.org\/{rel}","templated":true}]}}